{"id":27171,"date":"2026-09-02T00:14:11","date_gmt":"2026-09-02T03:14:11","guid":{"rendered":"https:\/\/jornaldaconstrucaocivil.com.br\/?p=27171"},"modified":"2026-09-02T00:14:11","modified_gmt":"2026-09-02T03:14:11","slug":"fesqua-recebe-pela-primeira-vez-summit-arq-e-aproxima-arquitetos-da-industria-de-esquadrias-e-vidros","status":"publish","type":"post","link":"https:\/\/jornaldaconstrucaocivil.com.br\/?p=27171","title":{"rendered":"\u00a0Fesqua recebe pela primeira vez Summit Arq e aproxima arquitetos da ind\u00fastria de esquadrias e vidros"},"content":{"rendered":"\n<p class=\"wp-block-paragraph\"><em>Programa\u00e7\u00e3o discute como tecnologia, sustentabilidade e novas demandas dos clientes est\u00e3o transformando o setor<\/em><\/p>\n\n\n\n<p class=\"wp-block-paragraph\"><strong>S\u00e3o Paulo, setembro de 2026<\/strong>&nbsp;\u2013 Pela primeira vez, a Fesqua \u2013 Feira Internacional da Ind\u00fastria de Esquadrias recebe o Summit Arq, encontro voltado a arquitetos, designers de interiores, engenheiros e especificadores. A programa\u00e7\u00e3o acontece no dia 10 de setembro, durante a 16\u00aa edi\u00e7\u00e3o da feira, realizada de 9 a 12 de setembro, no S\u00e3o Paulo Expo.<\/p>\n\n\n\n<p class=\"wp-block-paragraph\"><br>Das 9h \u00e0s 15h, o encontro promover\u00e1 uma imers\u00e3o em temas como gest\u00e3o, inova\u00e7\u00e3o, sustentabilidade, tecnologia e tend\u00eancias de mercado. A proposta \u00e9 discutir tamb\u00e9m as transforma\u00e7\u00f5es no perfil do arquiteto diante de novas demandas de clientes e do pr\u00f3prio setor, que exigem dos profissionais uma vis\u00e3o mais ampla sobre desempenho, efici\u00eancia, novas tecnologias, sustentabilidade e gest\u00e3o dos projetos.<\/p>\n\n\n\n<p class=\"wp-block-paragraph\"><br>\u201cA aproxima\u00e7\u00e3o entre arquitetos e a ind\u00fastria de esquadrias e vidros \u00e9 fundamental para ampliar o conhecimento t\u00e9cnico e garantir especifica\u00e7\u00f5es mais adequadas aos projetos. Hoje, diante de desafios como chuvas e ventos mais intensos, os profissionais est\u00e3o cada vez mais atentos \u00e0 escolha de boas solu\u00e7\u00f5es. A parceria entre o Summit Arq e a Fesqua contribui justamente para levar esse conhecimento aos arquitetos. Nossa expectativa \u00e9 oferecer conte\u00fado relevante e uma experi\u00eancia enriquecedora, inclusive com uma visita guiada in\u00e9dita pela feira\u201d, afirma Leonardo Devezas, organizador e realizador do Summit Arc.<\/p>\n\n\n\n<p class=\"wp-block-paragraph\">Criado por Leonardo Devezas, o Summit Arq chega \u00e0 segunda edi\u00e7\u00e3o ap\u00f3s estrear em 2025 e amplia sua atua\u00e7\u00e3o ao integrar a programa\u00e7\u00e3o da Fesqua. A iniciativa aproxima a ind\u00fastria de profissionais que exercem papel cada vez mais relevante na escolha e especifica\u00e7\u00e3o de esquadrias, vidros, acabamentos e outras solu\u00e7\u00f5es utilizadas em projetos residenciais e comerciais.<\/p>\n\n\n\n<p class=\"wp-block-paragraph\">Ap\u00f3s a programa\u00e7\u00e3o de conte\u00fado, os participantes far\u00e3o uma visita guiada pela feira, com a oportunidade de conhecer lan\u00e7amentos, tecnologias e solu\u00e7\u00f5es apresentadas pelas empresas expositoras. A experi\u00eancia busca ampliar o contato entre especificadores e fabricantes e aproximar decis\u00f5es tomadas ainda na etapa de projeto das inova\u00e7\u00f5es desenvolvidas pela ind\u00fastria.<\/p>\n\n\n\n<p class=\"wp-block-paragraph\"><br>O ecossistema do Summit Arq re\u00fane empresas de diferentes segmentos ligados \u00e0 arquitetura, constru\u00e7\u00e3o e design, entre elas LL Vidros, Eurocuccina, Kazarro, Kyowa, Patilhacor, DAZ Engenharia, Coisas da Casa, Smart Touch, Soultech, Kinder Design, Adres, Roaplas, Todeschini Alto da Lapa, BR Move To Go, Blindex e Weiku do Brasil.<\/p>\n\n\n\n<p class=\"wp-block-paragraph\"><strong>Fesqua cresce 25% em 2026<\/strong>&nbsp;&#8211; O Summit Arq integra a programa\u00e7\u00e3o da 16\u00aa Fesqua, que chega a 2026 com uma \u00e1rea de exposi\u00e7\u00e3o 25% maior que a edi\u00e7\u00e3o anterior, alcan\u00e7ando 45 mil m\u00b2 no S\u00e3o Paulo Expo. Ao todo, ser\u00e3o mais de 700 marcas expositoras e a expectativa da organiza\u00e7\u00e3o \u00e9 receber mais de 60 mil visitantes.<\/p>\n\n\n\n<p class=\"wp-block-paragraph\"><br>O crescimento acompanha o desempenho do mercado. Segundo a Associa\u00e7\u00e3o Nacional de Fabricantes de Esquadrias de Alum\u00ednio (AFEAL), o setor de esquadrias de alum\u00ednio registrou faturamento de R$ 10,53 bilh\u00f5es em 2024, avan\u00e7o de 19,8% em rela\u00e7\u00e3o aos R$ 8,79 bilh\u00f5es registrados no ano anterior.<\/p>\n\n\n\n<p class=\"wp-block-paragraph\"><br>Al\u00e9m do Summit Arq, a Fesqua ter\u00e1 uma agenda de conte\u00fado t\u00e9cnico com iniciativas como o 7\u00ba Encontro AFEAL, Sebraser, Vidrosom e Esquadrias de PVC em Foco. O evento acontece simultaneamente ao EBRATS (Encontro e Exposi\u00e7\u00e3o Brasileira de Tratamentos de Superf\u00edcie), \u00e0 FEIPAT (Feira da Patologia das Constru\u00e7\u00f5es) e \u00e0 Fesqua Vetro, dedicada ao setor vidreiro.<\/p>\n\n\n\n<p class=\"wp-block-paragraph\"><strong>Servi\u00e7o:<\/strong><\/p>\n\n\n\n<p class=\"wp-block-paragraph\"><strong>Fesqua 2026 | Feira Internacional da Ind\u00fastria de Esquadrias<\/strong><\/p>\n\n\n\n<p class=\"wp-block-paragraph\">Data: 9 a 12 de setembro de 2026<\/p>\n\n\n\n<p class=\"wp-block-paragraph\">Hor\u00e1rio: 4\u00aa a 6\u00aa &#8211; 13h \u00e0s 20h | S\u00e1b. &#8211; 11h \u00e0s 18h<\/p>\n\n\n\n<p class=\"wp-block-paragraph\">Local: S\u00e3o Paulo Expo Exhibition &amp; Convention Center<\/p>\n\n\n\n<p class=\"wp-block-paragraph\">Endere\u00e7o:&nbsp;<a href=\"https:\/\/www.google.com\/maps\/search\/Rodovia+dos+Imigrantes,+1?entry=gmail&amp;source=g\" target=\"_blank\" rel=\"noreferrer noopener\">Rodovia dos Imigrantes, 1<\/a>,5 km &#8211; Vila \u00c1gua Funda, S\u00e3o Paulo &#8211; SP<\/p>\n","protected":false},"excerpt":{"rendered":"<p>Programa\u00e7\u00e3o discute como tecnologia, sustentabilidade e novas demandas dos clientes est\u00e3o transformando o setor S\u00e3o Paulo, setembro de 2026&nbsp;\u2013 Pela primeira vez, a Fesqua \u2013 Feira Internacional da Ind\u00fastria de Esquadrias recebe o Summit Arq, encontro voltado a arquitetos, designers de interiores, engenheiros e especificadores. A programa\u00e7\u00e3o acontece no dia 10 de setembro, durante a [&hellip;]<\/p>\n","protected":false},"author":1,"featured_media":27172,"comment_status":"open","ping_status":"open","sticky":false,"template":"","format":"standard","meta":{"om_disable_all_campaigns":false,"_monsterinsights_skip_tracking":false,"footnotes":""},"categories":[33],"tags":[26892,28088,10675],"class_list":["post-27171","post","type-post","status-publish","format-standard","has-post-thumbnail","hentry","category-mercado","tag-esquadrias-e-aluminio","tag-fesqua-2","tag-sao-paulo-expo"],"blocksy_meta":[],"aioseo_notices":[],"aioseo_head":"\n\t\t<!-- All in One SEO 5.0.0.1 - aioseo.com -->\n\t<meta name=\"description\" content=\"Programa\u00e7\u00e3o discute como tecnologia, sustentabilidade e novas demandas dos clientes est\u00e3o transformando o setor S\u00e3o Paulo, setembro de 2026 \u2013 Pela primeira vez, a Fesqua \u2013 Feira Internacional da Ind\u00fastria de Esquadrias recebe o Summit Arq, encontro voltado a arquitetos, designers de interiores, engenheiros e especificadores. A programa\u00e7\u00e3o acontece no dia 10 de setembro, durante a\" \/>\n\t<meta name=\"robots\" content=\"max-image-preview:large\" \/>\n\t<meta name=\"author\" content=\"Jornal da Constru\u00e7\u00e3o Civil\"\/>\n\t<link rel=\"canonical\" href=\"https:\/\/jornaldaconstrucaocivil.com.br\/?p=27171\" \/>\n\t<meta name=\"generator\" content=\"All in One SEO (AIOSEO) 5.0.0.1\" \/>\n\t\t<meta property=\"og:locale\" content=\"pt_BR\" \/>\n\t\t<meta property=\"og:site_name\" content=\"Jornal da Constru\u00e7\u00e3o Civil - O Maior Portal da Constru\u00e7\u00e3o Civil\" \/>\n\t\t<meta property=\"og:type\" content=\"article\" \/>\n\t\t<meta property=\"og:title\" content=\" Fesqua recebe pela primeira vez Summit Arq e aproxima arquitetos da ind\u00fastria de esquadrias e vidros - Jornal da Constru\u00e7\u00e3o Civil\" \/>\n\t\t<meta property=\"og:description\" content=\"Programa\u00e7\u00e3o discute como tecnologia, sustentabilidade e novas demandas dos clientes est\u00e3o transformando o setor S\u00e3o Paulo, setembro de 2026 \u2013 Pela primeira vez, a Fesqua \u2013 Feira Internacional da Ind\u00fastria de Esquadrias recebe o Summit Arq, encontro voltado a arquitetos, designers de interiores, engenheiros e especificadores. A programa\u00e7\u00e3o acontece no dia 10 de setembro, durante a\" \/>\n\t\t<meta property=\"og:url\" content=\"https:\/\/jornaldaconstrucaocivil.com.br\/?p=27171\" \/>\n\t\t<meta property=\"og:image\" content=\"https:\/\/jornaldaconstrucaocivil.com.br\/wp-content\/uploads\/2026\/01\/cropped-BANNER-OK-2.png\" \/>\n\t\t<meta property=\"og:image:secure_url\" content=\"https:\/\/jornaldaconstrucaocivil.com.br\/wp-content\/uploads\/2026\/01\/cropped-BANNER-OK-2.png\" \/>\n\t\t<meta property=\"og:image:width\" content=\"760\" \/>\n\t\t<meta property=\"og:image:height\" content=\"162\" \/>\n\t\t<meta property=\"article:published_time\" content=\"2026-09-02T03:14:11+00:00\" \/>\n\t\t<meta property=\"article:modified_time\" content=\"2026-09-02T03:14:11+00:00\" \/>\n\t\t<meta name=\"twitter:card\" content=\"summary_large_image\" \/>\n\t\t<meta name=\"twitter:title\" content=\" Fesqua recebe pela primeira vez Summit Arq e aproxima arquitetos da ind\u00fastria de esquadrias e vidros - Jornal da Constru\u00e7\u00e3o Civil\" \/>\n\t\t<meta name=\"twitter:description\" content=\"Programa\u00e7\u00e3o discute como tecnologia, sustentabilidade e novas demandas dos clientes est\u00e3o transformando o setor S\u00e3o Paulo, setembro de 2026 \u2013 Pela primeira vez, a Fesqua \u2013 Feira Internacional da Ind\u00fastria de Esquadrias recebe o Summit Arq, encontro voltado a arquitetos, designers de interiores, engenheiros e especificadores. A programa\u00e7\u00e3o acontece no dia 10 de setembro, durante a\" \/>\n\t\t<meta name=\"twitter:image\" content=\"https:\/\/jornaldaconstrucaocivil.com.br\/wp-content\/uploads\/2026\/01\/cropped-BANNER-OK-2.png\" \/>\n\t\t<script type=\"application\/ld+json\" class=\"aioseo-schema\">\n\t\t\t{\"@context\":\"https:\\\/\\\/schema.org\",\"@graph\":[{\"@type\":\"BlogPosting\",\"@id\":\"https:\\\/\\\/jornaldaconstrucaocivil.com.br\\\/?p=27171#blogposting\",\"name\":\"Fesqua recebe pela primeira vez Summit Arq e aproxima arquitetos da ind\\u00fastria de esquadrias e vidros - Jornal da Constru\\u00e7\\u00e3o Civil\",\"headline\":\"\\u00a0Fesqua recebe pela primeira vez Summit Arq e aproxima arquitetos da ind\\u00fastria de esquadrias e vidros\",\"author\":{\"@id\":\"https:\\\/\\\/jornaldaconstrucaocivil.com.br\\\/?author=1#author\"},\"publisher\":{\"@id\":\"https:\\\/\\\/jornaldaconstrucaocivil.com.br\\\/#organization\"},\"image\":{\"@type\":\"ImageObject\",\"url\":\"https:\\\/\\\/jornaldaconstrucaocivil.com.br\\\/wp-content\\\/uploads\\\/2026\\\/09\\\/FESQUA.jpg\",\"width\":560,\"height\":313,\"caption\":\"Cr\\u00e9dito imagem: Magnific\"},\"datePublished\":\"2026-09-02T00:14:11-03:00\",\"dateModified\":\"2026-09-02T00:14:11-03:00\",\"inLanguage\":\"pt-BR\",\"mainEntityOfPage\":{\"@id\":\"https:\\\/\\\/jornaldaconstrucaocivil.com.br\\\/?p=27171#webpage\"},\"isPartOf\":{\"@id\":\"https:\\\/\\\/jornaldaconstrucaocivil.com.br\\\/?p=27171#webpage\"},\"articleSection\":\"Mercado, Esquadrias e Alum\\u00ednio, Fesqua, S\\u00e3o Paulo Expo\"},{\"@type\":\"BreadcrumbList\",\"@id\":\"https:\\\/\\\/jornaldaconstrucaocivil.com.br\\\/?p=27171#breadcrumblist\",\"itemListElement\":[{\"@type\":\"ListItem\",\"@id\":\"https:\\\/\\\/jornaldaconstrucaocivil.com.br#listItem\",\"position\":1,\"name\":\"Home\",\"item\":\"https:\\\/\\\/jornaldaconstrucaocivil.com.br\",\"nextItem\":{\"@type\":\"ListItem\",\"@id\":\"https:\\\/\\\/jornaldaconstrucaocivil.com.br\\\/?cat=33#listItem\",\"name\":\"Mercado\"}},{\"@type\":\"ListItem\",\"@id\":\"https:\\\/\\\/jornaldaconstrucaocivil.com.br\\\/?cat=33#listItem\",\"position\":2,\"name\":\"Mercado\",\"item\":\"https:\\\/\\\/jornaldaconstrucaocivil.com.br\\\/?cat=33\",\"nextItem\":{\"@type\":\"ListItem\",\"@id\":\"https:\\\/\\\/jornaldaconstrucaocivil.com.br\\\/?p=27171#listItem\",\"name\":\"\\u00a0Fesqua recebe pela primeira vez Summit Arq e aproxima arquitetos da ind\\u00fastria de esquadrias e vidros\"},\"previousItem\":{\"@type\":\"ListItem\",\"@id\":\"https:\\\/\\\/jornaldaconstrucaocivil.com.br#listItem\",\"name\":\"Home\"}},{\"@type\":\"ListItem\",\"@id\":\"https:\\\/\\\/jornaldaconstrucaocivil.com.br\\\/?p=27171#listItem\",\"position\":3,\"name\":\"\\u00a0Fesqua recebe pela primeira vez Summit Arq e aproxima arquitetos da ind\\u00fastria de esquadrias e vidros\",\"previousItem\":{\"@type\":\"ListItem\",\"@id\":\"https:\\\/\\\/jornaldaconstrucaocivil.com.br\\\/?cat=33#listItem\",\"name\":\"Mercado\"}}]},{\"@type\":\"Organization\",\"@id\":\"https:\\\/\\\/jornaldaconstrucaocivil.com.br\\\/#organization\",\"name\":\"Jornal da Constru\\u00e7\\u00e3o Civil\",\"description\":\"O Maior Portal da Constru\\u00e7\\u00e3o Civil\",\"url\":\"https:\\\/\\\/jornaldaconstrucaocivil.com.br\\\/\",\"logo\":{\"@type\":\"ImageObject\",\"url\":\"https:\\\/\\\/jornaldaconstrucaocivil.com.br\\\/wp-content\\\/uploads\\\/2026\\\/01\\\/cropped-BANNER-OK-2.png\",\"@id\":\"https:\\\/\\\/jornaldaconstrucaocivil.com.br\\\/?p=27171\\\/#organizationLogo\",\"width\":760,\"height\":162},\"image\":{\"@id\":\"https:\\\/\\\/jornaldaconstrucaocivil.com.br\\\/?p=27171\\\/#organizationLogo\"}},{\"@type\":\"Person\",\"@id\":\"https:\\\/\\\/jornaldaconstrucaocivil.com.br\\\/?author=1#author\",\"url\":\"https:\\\/\\\/jornaldaconstrucaocivil.com.br\\\/?author=1\",\"name\":\"Jornal da Constru\\u00e7\\u00e3o Civil\",\"image\":{\"@type\":\"ImageObject\",\"@id\":\"https:\\\/\\\/jornaldaconstrucaocivil.com.br\\\/?p=27171#authorImage\",\"url\":\"https:\\\/\\\/jornaldaconstrucaocivil.com.br\\\/wp-content\\\/plugins\\\/ultimate-member\\\/assets\\\/img\\\/default_avatar.jpg\",\"width\":96,\"height\":96,\"caption\":\"Jornal da Constru\\u00e7\\u00e3o Civil\"}},{\"@type\":\"WebPage\",\"@id\":\"https:\\\/\\\/jornaldaconstrucaocivil.com.br\\\/?p=27171#webpage\",\"url\":\"https:\\\/\\\/jornaldaconstrucaocivil.com.br\\\/?p=27171\",\"name\":\"Fesqua recebe pela primeira vez Summit Arq e aproxima arquitetos da ind\\u00fastria de esquadrias e vidros - Jornal da Constru\\u00e7\\u00e3o Civil\",\"description\":\"Programa\\u00e7\\u00e3o discute como tecnologia, sustentabilidade e novas demandas dos clientes est\\u00e3o transformando o setor S\\u00e3o Paulo, setembro de 2026 \\u2013 Pela primeira vez, a Fesqua \\u2013 Feira Internacional da Ind\\u00fastria de Esquadrias recebe o Summit Arq, encontro voltado a arquitetos, designers de interiores, engenheiros e especificadores. A programa\\u00e7\\u00e3o acontece no dia 10 de setembro, durante a\",\"inLanguage\":\"pt-BR\",\"isPartOf\":{\"@id\":\"https:\\\/\\\/jornaldaconstrucaocivil.com.br\\\/#website\"},\"breadcrumb\":{\"@id\":\"https:\\\/\\\/jornaldaconstrucaocivil.com.br\\\/?p=27171#breadcrumblist\"},\"author\":{\"@id\":\"https:\\\/\\\/jornaldaconstrucaocivil.com.br\\\/?author=1#author\"},\"creator\":{\"@id\":\"https:\\\/\\\/jornaldaconstrucaocivil.com.br\\\/?author=1#author\"},\"image\":{\"@type\":\"ImageObject\",\"url\":\"https:\\\/\\\/jornaldaconstrucaocivil.com.br\\\/wp-content\\\/uploads\\\/2026\\\/09\\\/FESQUA.jpg\",\"@id\":\"https:\\\/\\\/jornaldaconstrucaocivil.com.br\\\/?p=27171\\\/#mainImage\",\"width\":560,\"height\":313,\"caption\":\"Cr\\u00e9dito imagem: Magnific\"},\"primaryImageOfPage\":{\"@id\":\"https:\\\/\\\/jornaldaconstrucaocivil.com.br\\\/?p=27171#mainImage\"},\"datePublished\":\"2026-09-02T00:14:11-03:00\",\"dateModified\":\"2026-09-02T00:14:11-03:00\"},{\"@type\":\"WebSite\",\"@id\":\"https:\\\/\\\/jornaldaconstrucaocivil.com.br\\\/#website\",\"url\":\"https:\\\/\\\/jornaldaconstrucaocivil.com.br\\\/\",\"name\":\"Jornal da Constru\\u00e7\\u00e3o Civil\",\"description\":\"O Maior Portal da Constru\\u00e7\\u00e3o Civil\",\"inLanguage\":\"pt-BR\",\"publisher\":{\"@id\":\"https:\\\/\\\/jornaldaconstrucaocivil.com.br\\\/#organization\"}}]}\n\t\t<\/script>\n\t\t<!-- All in One SEO -->\n\n","aioseo_head_json":{"title":" Fesqua recebe pela primeira vez Summit Arq e aproxima arquitetos da ind\u00fastria de esquadrias e vidros - Jornal da Constru\u00e7\u00e3o Civil","description":"Programa\u00e7\u00e3o discute como tecnologia, sustentabilidade e novas demandas dos clientes est\u00e3o transformando o setor S\u00e3o Paulo, setembro de 2026 \u2013 Pela primeira vez, a Fesqua \u2013 Feira Internacional da Ind\u00fastria de Esquadrias recebe o Summit Arq, encontro voltado a arquitetos, designers de interiores, engenheiros e especificadores. A programa\u00e7\u00e3o acontece no dia 10 de setembro, durante a","canonical_url":"https:\/\/jornaldaconstrucaocivil.com.br\/?p=27171","robots":"max-image-preview:large","keywords":"","webmasterTools":{"miscellaneous":""},"schema":{"@context":"https:\/\/schema.org","@graph":[{"@type":"BlogPosting","@id":"https:\/\/jornaldaconstrucaocivil.com.br\/?p=27171#blogposting","name":"Fesqua recebe pela primeira vez Summit Arq e aproxima arquitetos da ind\u00fastria de esquadrias e vidros - Jornal da Constru\u00e7\u00e3o Civil","headline":"\u00a0Fesqua recebe pela primeira vez Summit Arq e aproxima arquitetos da ind\u00fastria de esquadrias e vidros","author":{"@id":"https:\/\/jornaldaconstrucaocivil.com.br\/?author=1#author"},"publisher":{"@id":"https:\/\/jornaldaconstrucaocivil.com.br\/#organization"},"image":{"@type":"ImageObject","url":"https:\/\/jornaldaconstrucaocivil.com.br\/wp-content\/uploads\/2026\/09\/FESQUA.jpg","width":560,"height":313,"caption":"Cr\u00e9dito imagem: Magnific"},"datePublished":"2026-09-02T00:14:11-03:00","dateModified":"2026-09-02T00:14:11-03:00","inLanguage":"pt-BR","mainEntityOfPage":{"@id":"https:\/\/jornaldaconstrucaocivil.com.br\/?p=27171#webpage"},"isPartOf":{"@id":"https:\/\/jornaldaconstrucaocivil.com.br\/?p=27171#webpage"},"articleSection":"Mercado, Esquadrias e Alum\u00ednio, Fesqua, S\u00e3o Paulo Expo"},{"@type":"BreadcrumbList","@id":"https:\/\/jornaldaconstrucaocivil.com.br\/?p=27171#breadcrumblist","itemListElement":[{"@type":"ListItem","@id":"https:\/\/jornaldaconstrucaocivil.com.br#listItem","position":1,"name":"Home","item":"https:\/\/jornaldaconstrucaocivil.com.br","nextItem":{"@type":"ListItem","@id":"https:\/\/jornaldaconstrucaocivil.com.br\/?cat=33#listItem","name":"Mercado"}},{"@type":"ListItem","@id":"https:\/\/jornaldaconstrucaocivil.com.br\/?cat=33#listItem","position":2,"name":"Mercado","item":"https:\/\/jornaldaconstrucaocivil.com.br\/?cat=33","nextItem":{"@type":"ListItem","@id":"https:\/\/jornaldaconstrucaocivil.com.br\/?p=27171#listItem","name":"\u00a0Fesqua recebe pela primeira vez Summit Arq e aproxima arquitetos da ind\u00fastria de esquadrias e vidros"},"previousItem":{"@type":"ListItem","@id":"https:\/\/jornaldaconstrucaocivil.com.br#listItem","name":"Home"}},{"@type":"ListItem","@id":"https:\/\/jornaldaconstrucaocivil.com.br\/?p=27171#listItem","position":3,"name":"\u00a0Fesqua recebe pela primeira vez Summit Arq e aproxima arquitetos da ind\u00fastria de esquadrias e vidros","previousItem":{"@type":"ListItem","@id":"https:\/\/jornaldaconstrucaocivil.com.br\/?cat=33#listItem","name":"Mercado"}}]},{"@type":"Organization","@id":"https:\/\/jornaldaconstrucaocivil.com.br\/#organization","name":"Jornal da Constru\u00e7\u00e3o Civil","description":"O Maior Portal da Constru\u00e7\u00e3o Civil","url":"https:\/\/jornaldaconstrucaocivil.com.br\/","logo":{"@type":"ImageObject","url":"https:\/\/jornaldaconstrucaocivil.com.br\/wp-content\/uploads\/2026\/01\/cropped-BANNER-OK-2.png","@id":"https:\/\/jornaldaconstrucaocivil.com.br\/?p=27171\/#organizationLogo","width":760,"height":162},"image":{"@id":"https:\/\/jornaldaconstrucaocivil.com.br\/?p=27171\/#organizationLogo"}},{"@type":"Person","@id":"https:\/\/jornaldaconstrucaocivil.com.br\/?author=1#author","url":"https:\/\/jornaldaconstrucaocivil.com.br\/?author=1","name":"Jornal da Constru\u00e7\u00e3o Civil","image":{"@type":"ImageObject","@id":"https:\/\/jornaldaconstrucaocivil.com.br\/?p=27171#authorImage","url":"https:\/\/jornaldaconstrucaocivil.com.br\/wp-content\/plugins\/ultimate-member\/assets\/img\/default_avatar.jpg","width":96,"height":96,"caption":"Jornal da Constru\u00e7\u00e3o Civil"}},{"@type":"WebPage","@id":"https:\/\/jornaldaconstrucaocivil.com.br\/?p=27171#webpage","url":"https:\/\/jornaldaconstrucaocivil.com.br\/?p=27171","name":"Fesqua recebe pela primeira vez Summit Arq e aproxima arquitetos da ind\u00fastria de esquadrias e vidros - Jornal da Constru\u00e7\u00e3o Civil","description":"Programa\u00e7\u00e3o discute como tecnologia, sustentabilidade e novas demandas dos clientes est\u00e3o transformando o setor S\u00e3o Paulo, setembro de 2026 \u2013 Pela primeira vez, a Fesqua \u2013 Feira Internacional da Ind\u00fastria de Esquadrias recebe o Summit Arq, encontro voltado a arquitetos, designers de interiores, engenheiros e especificadores. A programa\u00e7\u00e3o acontece no dia 10 de setembro, durante a","inLanguage":"pt-BR","isPartOf":{"@id":"https:\/\/jornaldaconstrucaocivil.com.br\/#website"},"breadcrumb":{"@id":"https:\/\/jornaldaconstrucaocivil.com.br\/?p=27171#breadcrumblist"},"author":{"@id":"https:\/\/jornaldaconstrucaocivil.com.br\/?author=1#author"},"creator":{"@id":"https:\/\/jornaldaconstrucaocivil.com.br\/?author=1#author"},"image":{"@type":"ImageObject","url":"https:\/\/jornaldaconstrucaocivil.com.br\/wp-content\/uploads\/2026\/09\/FESQUA.jpg","@id":"https:\/\/jornaldaconstrucaocivil.com.br\/?p=27171\/#mainImage","width":560,"height":313,"caption":"Cr\u00e9dito imagem: Magnific"},"primaryImageOfPage":{"@id":"https:\/\/jornaldaconstrucaocivil.com.br\/?p=27171#mainImage"},"datePublished":"2026-09-02T00:14:11-03:00","dateModified":"2026-09-02T00:14:11-03:00"},{"@type":"WebSite","@id":"https:\/\/jornaldaconstrucaocivil.com.br\/#website","url":"https:\/\/jornaldaconstrucaocivil.com.br\/","name":"Jornal da Constru\u00e7\u00e3o Civil","description":"O Maior Portal da Constru\u00e7\u00e3o Civil","inLanguage":"pt-BR","publisher":{"@id":"https:\/\/jornaldaconstrucaocivil.com.br\/#organization"}}]},"og:locale":"pt_BR","og:site_name":"Jornal da Constru\u00e7\u00e3o Civil - O Maior Portal da Constru\u00e7\u00e3o Civil","og:type":"article","og:title":" Fesqua recebe pela primeira vez Summit Arq e aproxima arquitetos da ind\u00fastria de esquadrias e vidros - Jornal da Constru\u00e7\u00e3o Civil","og:description":"Programa\u00e7\u00e3o discute como tecnologia, sustentabilidade e novas demandas dos clientes est\u00e3o transformando o setor S\u00e3o Paulo, setembro de 2026 \u2013 Pela primeira vez, a Fesqua \u2013 Feira Internacional da Ind\u00fastria de Esquadrias recebe o Summit Arq, encontro voltado a arquitetos, designers de interiores, engenheiros e especificadores. A programa\u00e7\u00e3o acontece no dia 10 de setembro, durante a","og:url":"https:\/\/jornaldaconstrucaocivil.com.br\/?p=27171","og:image":"https:\/\/jornaldaconstrucaocivil.com.br\/wp-content\/uploads\/2026\/01\/cropped-BANNER-OK-2.png","og:image:secure_url":"https:\/\/jornaldaconstrucaocivil.com.br\/wp-content\/uploads\/2026\/01\/cropped-BANNER-OK-2.png","og:image:width":760,"og:image:height":162,"article:published_time":"2026-09-02T03:14:11+00:00","article:modified_time":"2026-09-02T03:14:11+00:00","twitter:card":"summary_large_image","twitter:title":" Fesqua recebe pela primeira vez Summit Arq e aproxima arquitetos da ind\u00fastria de esquadrias e vidros - Jornal da Constru\u00e7\u00e3o Civil","twitter:description":"Programa\u00e7\u00e3o discute como tecnologia, sustentabilidade e novas demandas dos clientes est\u00e3o transformando o setor S\u00e3o Paulo, setembro de 2026 \u2013 Pela primeira vez, a Fesqua \u2013 Feira Internacional da Ind\u00fastria de Esquadrias recebe o Summit Arq, encontro voltado a arquitetos, designers de interiores, engenheiros e especificadores. A programa\u00e7\u00e3o acontece no dia 10 de setembro, durante a","twitter:image":"https:\/\/jornaldaconstrucaocivil.com.br\/wp-content\/uploads\/2026\/01\/cropped-BANNER-OK-2.png"},"aioseo_meta_data":{"post_id":"27171","title":null,"description":null,"keywords":null,"keyphrases":{"focus":{"keyphrase":"","score":0,"analysis":{"keyphraseInTitle":{"score":0,"maxScore":9,"error":1}}},"additional":[]},"primary_term":null,"canonical_url":null,"og_title":null,"og_description":null,"og_object_type":"default","og_image_type":"default","og_image_custom_url":null,"og_image_custom_fields":null,"og_image_url":null,"og_image_width":null,"og_image_height":null,"og_video":"","og_custom_url":null,"og_article_section":null,"og_article_tags":null,"twitter_use_og":false,"twitter_card":"default","twitter_image_type":"default","twitter_image_custom_url":null,"twitter_image_custom_fields":null,"twitter_image_url":null,"twitter_title":null,"twitter_description":null,"schema_type":"default","schema_type_options":null,"schema":{"blockGraphs":[],"customGraphs":[],"default":{"data":{"Article":[],"Course":[],"Dataset":[],"FAQPage":[],"Movie":[],"Person":[],"Product":[],"ProductReview":[],"Car":[],"Recipe":[],"Service":[],"SoftwareApplication":[],"WebPage":[]},"graphName":"BlogPosting","isEnabled":true},"graphs":[]},"pillar_content":false,"robots_default":true,"robots_noindex":false,"robots_noarchive":false,"robots_nosnippet":false,"robots_nofollow":false,"robots_noimageindex":false,"robots_noodp":false,"robots_notranslate":false,"robots_max_snippet":"-1","robots_max_videopreview":"-1","robots_max_imagepreview":"large","priority":null,"frequency":"default","local_seo":null,"limit_modified_date":false,"ai":{"faqs":[],"keyPoints":[],"schemas":[],"titles":[],"descriptions":[],"socialPosts":{"email":{"subject":"","preview":"","content":""},"linkedin":[],"twitter":[],"facebook":[],"instagram":[]}},"breadcrumb_settings":null,"seo_analyzer_scan_date":null,"created":"2026-09-02 03:14:11","updated":"2026-09-02 04:14:36","focus_keyword":null,"additional_keywords":null,"truseo_locale":null},"aioseo_breadcrumb":"<div class=\"aioseo-breadcrumbs\"><span class=\"aioseo-breadcrumb\">\n\t\t\t<a href=\"https:\/\/jornaldaconstrucaocivil.com.br\" title=\"Home\">Home<\/a>\n\t\t<\/span><span class=\"aioseo-breadcrumb-separator\">&raquo;<\/span><span class=\"aioseo-breadcrumb\">\n\t\t\t<a href=\"https:\/\/jornaldaconstrucaocivil.com.br\/?cat=33\" title=\"Mercado\">Mercado<\/a>\n\t\t<\/span><span class=\"aioseo-breadcrumb-separator\">&raquo;<\/span><span class=\"aioseo-breadcrumb\">\n\t\t\t Fesqua recebe pela primeira vez Summit Arq e aproxima arquitetos da ind\u00fastria de esquadrias e vidros\n\t\t<\/span><\/div>","aioseo_breadcrumb_json":[{"label":"Home","link":"https:\/\/jornaldaconstrucaocivil.com.br"},{"label":"Mercado","link":"https:\/\/jornaldaconstrucaocivil.com.br\/?cat=33"},{"label":"\u00a0Fesqua recebe pela primeira vez Summit Arq e aproxima arquitetos da ind\u00fastria de esquadrias e vidros","link":"https:\/\/jornaldaconstrucaocivil.com.br\/?p=27171"}],"spectra_blocks_featured_image_url":{"thumbnail":{"url":"https:\/\/jornaldaconstrucaocivil.com.br\/wp-content\/uploads\/2026\/09\/FESQUA-150x150.jpg","width":150,"height":150},"medium":{"url":"https:\/\/jornaldaconstrucaocivil.com.br\/wp-content\/uploads\/2026\/09\/FESQUA-300x168.jpg","width":300,"height":168},"medium_large":{"url":"https:\/\/jornaldaconstrucaocivil.com.br\/wp-content\/uploads\/2026\/09\/FESQUA.jpg","width":560,"height":313},"large":{"url":"https:\/\/jornaldaconstrucaocivil.com.br\/wp-content\/uploads\/2026\/09\/FESQUA.jpg","width":560,"height":313},"full":{"url":"https:\/\/jornaldaconstrucaocivil.com.br\/wp-content\/uploads\/2026\/09\/FESQUA.jpg","width":560,"height":313}},"spectra_blocks_author_info":{"display_name":"Jornal da Constru\u00e7\u00e3o Civil","avatar_url":"https:\/\/jornaldaconstrucaocivil.com.br\/wp-content\/plugins\/ultimate-member\/assets\/img\/default_avatar.jpg","author_link":"https:\/\/jornaldaconstrucaocivil.com.br\/?author=1","description":"Desde de 2013, levando muitas informa\u00e7\u00f5es, lan\u00e7amentos e produtos de qualidade para toda cadeia produtiva da constru\u00e7\u00e3o. O Futuro da constru\u00e7\u00e3o passa por aqui,"},"_links":{"self":[{"href":"https:\/\/jornaldaconstrucaocivil.com.br\/index.php?rest_route=\/wp\/v2\/posts\/27171","targetHints":{"allow":["GET"]}}],"collection":[{"href":"https:\/\/jornaldaconstrucaocivil.com.br\/index.php?rest_route=\/wp\/v2\/posts"}],"about":[{"href":"https:\/\/jornaldaconstrucaocivil.com.br\/index.php?rest_route=\/wp\/v2\/types\/post"}],"author":[{"embeddable":true,"href":"https:\/\/jornaldaconstrucaocivil.com.br\/index.php?rest_route=\/wp\/v2\/users\/1"}],"replies":[{"embeddable":true,"href":"https:\/\/jornaldaconstrucaocivil.com.br\/index.php?rest_route=%2Fwp%2Fv2%2Fcomments&post=27171"}],"version-history":[{"count":1,"href":"https:\/\/jornaldaconstrucaocivil.com.br\/index.php?rest_route=\/wp\/v2\/posts\/27171\/revisions"}],"predecessor-version":[{"id":27173,"href":"https:\/\/jornaldaconstrucaocivil.com.br\/index.php?rest_route=\/wp\/v2\/posts\/27171\/revisions\/27173"}],"wp:featuredmedia":[{"embeddable":true,"href":"https:\/\/jornaldaconstrucaocivil.com.br\/index.php?rest_route=\/wp\/v2\/media\/27172"}],"wp:attachment":[{"href":"https:\/\/jornaldaconstrucaocivil.com.br\/index.php?rest_route=%2Fwp%2Fv2%2Fmedia&parent=27171"}],"wp:term":[{"taxonomy":"category","embeddable":true,"href":"https:\/\/jornaldaconstrucaocivil.com.br\/index.php?rest_route=%2Fwp%2Fv2%2Fcategories&post=27171"},{"taxonomy":"post_tag","embeddable":true,"href":"https:\/\/jornaldaconstrucaocivil.com.br\/index.php?rest_route=%2Fwp%2Fv2%2Ftags&post=27171"}],"curies":[{"name":"wp","href":"https:\/\/api.w.org\/{rel}","templated":true}]}}