{"id":27176,"date":"2026-09-03T10:08:57","date_gmt":"2026-09-03T13:08:57","guid":{"rendered":"https:\/\/jornaldaconstrucaocivil.com.br\/?p=27176"},"modified":"2026-09-03T10:08:58","modified_gmt":"2026-09-03T13:08:58","slug":"seis-meses-de-guerra-no-ira-pressionam-custos-e-redesenham-estrategias-na-cadeia-de-embalagens-e-tintas-no-brasil","status":"publish","type":"post","link":"https:\/\/jornaldaconstrucaocivil.com.br\/?p=27176","title":{"rendered":"Seis meses de guerra no Ir\u00e3 pressionam custos e redesenham estrat\u00e9gias na cadeia de embalagens e tintas no Brasil"},"content":{"rendered":"\n<p class=\"wp-block-paragraph\"><em>Volatilidade do petr\u00f3leo, alta das resinas e press\u00e3o log\u00edstica atravessam o segmento, enquanto mercado projeta crescimento limitado em 2026<\/em>.<\/p>\n\n\n\n<p class=\"wp-block-paragraph\">Setembro, 2026 &#8211; Seis meses depois do in\u00edcio da guerra envolvendo Estados Unidos, Israel e Ir\u00e3, os efeitos do conflito seguem atravessando cadeias industriais distantes do Oriente M\u00e9dio. No Brasil, um dos reflexos aparece no mercado de tintas para impress\u00e3o flexogr\u00e1fica e rotogravura, segmento diretamente ligado \u00e0 produ\u00e7\u00e3o de embalagens pl\u00e1sticas flex\u00edveis e dependente de mat\u00e9rias-primas da ind\u00fastria petroqu\u00edmica e do com\u00e9rcio internacional.<\/p>\n\n\n\n<p class=\"wp-block-paragraph\">O cen\u00e1rio encontra um mercado que j\u00e1 tem pouco espa\u00e7o para avan\u00e7ar em volume. O estudo mais recente da Associa\u00e7\u00e3o Brasileira de Embalagem (ABRE), elaborado com a FGV IBRE e divulgado no fim de agosto, projeta crescimento de apenas 0,2% na produ\u00e7\u00e3o de embalagens em 2026. Embora tenha havido uma rea\u00e7\u00e3o da produ\u00e7\u00e3o no segundo trimestre, a pr\u00f3pria an\u00e1lise classifica a perspectiva para o ano como de crescimento limitado, diante da desacelera\u00e7\u00e3o da economia e da press\u00e3o sobre os custos.<\/p>\n\n\n\n<p class=\"wp-block-paragraph\">Neste cen\u00e1rio, para os fabricantes de tintas de impress\u00e3o, o movimento importa, porque a demanda acompanha diretamente o ritmo dos convertedores e das ind\u00fastrias que utilizam embalagens flex\u00edveis. Na avalia\u00e7\u00e3o do diretor executivo da <a href=\"https:\/\/cyantintas.com.br\/\" title=\"\">Cyan Tintas e Vernizes<\/a>, Maur\u00edcio Silv\u00e9rio, essa combina\u00e7\u00e3o tornou o primeiro semestre especialmente inst\u00e1vel e desafiador para o segmento.<\/p>\n\n\n\n<p class=\"wp-block-paragraph\">\u201cJ\u00e1 existiam alguns eventos previs\u00edveis e indicadores econ\u00f4micos que estavam sendo medidos, como infla\u00e7\u00e3o e a taxa Selic. O que n\u00e3o se previa era uma guerra entre Estados Unidos e Ir\u00e3 que tivesse reflexos t\u00e3o impactantes na cadeia em que estamos inseridos. N\u00f3s somos fabricantes de tintas para impress\u00e3o de embalagens flex\u00edveis e nossos clientes est\u00e3o diretamente ligados ao consumo de polietileno e polipropileno, que s\u00e3o derivados da cadeia petroqu\u00edmica\u201d, afirma Silv\u00e9rio.<\/p>\n\n\n\n<h1 class=\"wp-block-heading\"><strong>Press\u00e3o nos insumos<\/strong><\/h1>\n\n\n\n<p class=\"wp-block-paragraph\">A liga\u00e7\u00e3o entre o conflito e essa cadeia come\u00e7a no petr\u00f3leo. O Estreito de Hormuz, passagem mar\u00edtima estrat\u00e9gica entre o Golfo P\u00e9rsico e o Golfo de Om\u00e3, teve seu fluxo de petr\u00f3leo e derivados fortemente reduzido durante a guerra. Segundo estimativa atualizada em agosto pela Administra\u00e7\u00e3o de Informa\u00e7\u00e3o de Energia dos Estados Unidos (EIA), o volume transportado pela rota caiu de uma m\u00e9dia de 21,6 milh\u00f5es de barris por dia no \u00faltimo trimestre de 2025, antes do conflito, para 4,9 milh\u00f5es no segundo trimestre deste ano.<\/p>\n\n\n\n<p class=\"wp-block-paragraph\">A restri\u00e7\u00e3o mexeu tamb\u00e9m com a cota\u00e7\u00e3o internacional do petr\u00f3leo. O Brent \u2014 principal refer\u00eancia mundial para a forma\u00e7\u00e3o do pre\u00e7o do petr\u00f3leo \u2014 chegou a superar US$ 118 por barril em abril, recuou para a casa dos US$ 70 no fim de junho e voltou a ultrapassar US$ 90 no final de agosto, com a retomada dos confrontos entre Estados Unidos e Ir\u00e3. A oscila\u00e7\u00e3o ajuda a explicar por que, mesmo depois do al\u00edvio observado no meio do ano, a ind\u00fastria ainda n\u00e3o considera encerrada a press\u00e3o provocada pelo conflito.<\/p>\n\n\n\n<p class=\"wp-block-paragraph\">Esse movimento chegou \u00e0s fabricantes de tintas por duas frentes: pela oscila\u00e7\u00e3o da demanda dos clientes e pelo encarecimento de insumos utilizados na pr\u00f3pria produ\u00e7\u00e3o. \u201cDiretamente, n\u00f3s tamb\u00e9m tivemos impacto nos insumos derivados da cadeia petroqu\u00edmica, tal como os nossos clientes, e os solventes foram os principais impactados. Paralelo a isso, outro problema grav\u00edssimo foi a interrup\u00e7\u00e3o mar\u00edtima no estreito, o que aumentou o tempo de navega\u00e7\u00e3o e os desvios que antes n\u00e3o eram feitos passaram a ser necess\u00e1rios. Se voc\u00ea navega mais tempo, consome mais combust\u00edvel. Se consome mais combust\u00edvel, tem um frete mais caro\u201d, explica Silv\u00e9rio.<\/p>\n\n\n\n<p class=\"wp-block-paragraph\">Na pr\u00e1tica, a sucess\u00e3o de altas e recuos alterou o comportamento das compras ao longo do semestre. Segundo o executivo, diante da amea\u00e7a de falta de mat\u00e9ria-prima, convertedores anteciparam pedidos para garantir abastecimento. Mais adiante, j\u00e1 com estoques formados e alguma redu\u00e7\u00e3o nos pre\u00e7os do petr\u00f3leo e das resinas, passaram a consumir o material comprado antes de retornar ao mercado. O resultado para as tintas de impress\u00e3o foi um semestre de picos e retra\u00e7\u00f5es de demanda, sem uma trajet\u00f3ria cont\u00ednua de crescimento.<\/p>\n\n\n\n<p class=\"wp-block-paragraph\">No caso da Cyan, a empresa tamb\u00e9m precisou administrar a chegada de insumos adquiridos a custos diferentes, trabalhando com custo m\u00e9dio e absorvendo parte das altas antes de realizar repasses.<\/p>\n\n\n\n<h1 class=\"wp-block-heading\"><strong>Estoque e amplia\u00e7\u00e3o de mercado<\/strong><\/h1>\n\n\n\n<p class=\"wp-block-paragraph\">A instabilidade de 2026 tamb\u00e9m refor\u00e7ou a maneira da ind\u00fastria de olhar para os estoques. Por ter antecipado riscos de abastecimento em uma cadeia fortemente internacionalizada, a Cyan confirmou a import\u00e2ncia da exist\u00eancia da \u00e1rea de 4 mil metros quadrados que, atualmente, \u00e9 destinada \u00e0 armazenagem de mat\u00e9rias-primas na empresa. A estrutura proporcionou \u00e0 fabricante maior capacidade para atravessar per\u00edodos de interrup\u00e7\u00e3o ou atraso no fornecimento sem comprometer a entrega de tintas aos convertedores.<\/p>\n\n\n\n<p class=\"wp-block-paragraph\">\u201cSe a gente fosse usar o di\u00e1rio de bordo acad\u00eamico, manter um estoque seria custo. Mas nos momentos de crise, com uma cadeia de suprimentos que est\u00e1 sendo interrompida e majorada de forma exacerbada por quest\u00f5es geopol\u00edticas, ele passa a ser estrat\u00e9gico. Obviamente que, para isso, precisa ter sa\u00fade financeira, porque \u00e9 isso que permite ter um estoque de seguran\u00e7a e ser um porto seguro para os clientes em termos de abastecimento\u201d, avalia Silv\u00e9rio.<\/p>\n\n\n\n<p class=\"wp-block-paragraph\">A segunda resposta foi ampliar as possibilidades de abastecimento. A \u00e1rea de suprimentos passou a trabalhar em conjunto com o Laborat\u00f3rio de Pesquisa e Desenvolvimento de Novas Mat\u00e9rias-Primas da Cyan na busca de alternativas, inclusive fora da \u00c1sia e em mercados que mantenham acordos comerciais com o Brasil.<\/p>\n\n\n\n<h1 class=\"wp-block-heading\"><strong>Os pr\u00f3ximos meses<\/strong><\/h1>\n\n\n\n<p class=\"wp-block-paragraph\">De acordo com o diretor executivo da Cyan, a expectativa para os pr\u00f3ximos meses combina uma melhora sazonal da demanda com a perman\u00eancia da press\u00e3o sobre custos. Na avalia\u00e7\u00e3o de Silv\u00e9rio, o segundo semestre costuma ser mais aquecido para segmentos atendidos pelas embalagens flex\u00edveis, especialmente com o aumento do consumo relacionado ao fim do ano. O movimento, no entanto, ocorre enquanto a guerra continua sem uma solu\u00e7\u00e3o definitiva e o petr\u00f3leo voltou a reagir \u00e0s tens\u00f5es no Oriente M\u00e9dio.<\/p>\n\n\n\n<p class=\"wp-block-paragraph\">\u201cAlguns consumos s\u00e3o mais acentuados no fim do ano, por exemplo, no mercado de bebidas e de descart\u00e1veis. Sobre os impactos do custo, ainda acredito que vamos passar este pr\u00f3ximo semestre com infla\u00e7\u00e3o no segmento, por consequ\u00eancia das quest\u00f5es geopol\u00edticas mundiais\u201d, projeta.<\/p>\n\n\n\n<p class=\"wp-block-paragraph\">O horizonte de 2027 tamb\u00e9m mant\u00e9m o setor em alerta. No estudo divulgado no fim de agosto, ABRE e FGV IBRE apontam risco de desacelera\u00e7\u00e3o mais forte da economia brasileira no in\u00edcio do pr\u00f3ximo ano. Para uma cadeia diretamente associada ao consumo, uma economia mais fraca tende a chegar \u00e0s embalagens e, na sequ\u00eancia, \u00e0 demanda por tintas de impress\u00e3o.<\/p>\n\n\n\n<p class=\"wp-block-paragraph\">\u201cOs impactos na economia, a taxa de juros alta e a infla\u00e7\u00e3o acabam deteriorando o poder de compra dos consumidores, que, por consequ\u00eancia, v\u00e3o consumir menos embalagem e, consumindo menos embalagem, consomem menos tinta impressa nas embalagens. Ainda n\u00e3o consegui ter uma leitura final sobre o aspecto de crescimento que est\u00e1 sendo projetado, mas alguns indicadores econ\u00f4micos tem mostrado que o segmento deve andar de lado, com crescimento quase zero, estagnado\u201d, conclui.<\/p>\n\n\n\n<p class=\"wp-block-paragraph\"><\/p>\n","protected":false},"excerpt":{"rendered":"<p>Volatilidade do petr\u00f3leo, alta das resinas e press\u00e3o log\u00edstica atravessam o segmento, enquanto mercado projeta crescimento limitado em 2026. Setembro, 2026 &#8211; Seis meses depois do in\u00edcio da guerra envolvendo Estados Unidos, Israel e Ir\u00e3, os efeitos do conflito seguem atravessando cadeias industriais distantes do Oriente M\u00e9dio. No Brasil, um dos reflexos aparece no mercado [&hellip;]<\/p>\n","protected":false},"author":1,"featured_media":27177,"comment_status":"open","ping_status":"open","sticky":false,"template":"","format":"standard","meta":{"om_disable_all_campaigns":false,"_monsterinsights_skip_tracking":false,"footnotes":""},"categories":[33],"tags":[28089,19863,11773],"class_list":["post-27176","post","type-post","status-publish","format-standard","has-post-thumbnail","hentry","category-mercado","tag-eus-x-ira","tag-oilgas","tag-tintas-e-vernizes"],"blocksy_meta":[],"aioseo_notices":[],"aioseo_head":"\n\t\t<!-- All in One SEO 5.0.0.1 - aioseo.com -->\n\t<meta name=\"description\" content=\"Volatilidade do petr\u00f3leo, alta das resinas e press\u00e3o log\u00edstica atravessam o segmento, enquanto mercado projeta crescimento limitado em 2026. Setembro, 2026 - Seis meses depois do in\u00edcio da guerra envolvendo Estados Unidos, Israel e Ir\u00e3, os efeitos do conflito seguem atravessando cadeias industriais distantes do Oriente M\u00e9dio. No Brasil, um dos reflexos aparece no mercado\" \/>\n\t<meta name=\"robots\" content=\"max-image-preview:large\" \/>\n\t<meta name=\"author\" content=\"Jornal da Constru\u00e7\u00e3o Civil\"\/>\n\t<link rel=\"canonical\" href=\"https:\/\/jornaldaconstrucaocivil.com.br\/?p=27176\" \/>\n\t<meta name=\"generator\" content=\"All in One SEO (AIOSEO) 5.0.0.1\" \/>\n\t\t<meta property=\"og:locale\" content=\"pt_BR\" \/>\n\t\t<meta property=\"og:site_name\" content=\"Jornal da Constru\u00e7\u00e3o Civil - O Maior Portal da Constru\u00e7\u00e3o Civil\" \/>\n\t\t<meta property=\"og:type\" content=\"article\" \/>\n\t\t<meta property=\"og:title\" content=\"Seis meses de guerra no Ir\u00e3 pressionam custos e redesenham estrat\u00e9gias na cadeia de embalagens e tintas no Brasil - Jornal da Constru\u00e7\u00e3o Civil\" \/>\n\t\t<meta property=\"og:description\" content=\"Volatilidade do petr\u00f3leo, alta das resinas e press\u00e3o log\u00edstica atravessam o segmento, enquanto mercado projeta crescimento limitado em 2026. Setembro, 2026 - Seis meses depois do in\u00edcio da guerra envolvendo Estados Unidos, Israel e Ir\u00e3, os efeitos do conflito seguem atravessando cadeias industriais distantes do Oriente M\u00e9dio. No Brasil, um dos reflexos aparece no mercado\" \/>\n\t\t<meta property=\"og:url\" content=\"https:\/\/jornaldaconstrucaocivil.com.br\/?p=27176\" \/>\n\t\t<meta property=\"og:image\" content=\"https:\/\/jornaldaconstrucaocivil.com.br\/wp-content\/uploads\/2026\/01\/cropped-BANNER-OK-2.png\" \/>\n\t\t<meta property=\"og:image:secure_url\" content=\"https:\/\/jornaldaconstrucaocivil.com.br\/wp-content\/uploads\/2026\/01\/cropped-BANNER-OK-2.png\" \/>\n\t\t<meta property=\"og:image:width\" content=\"760\" \/>\n\t\t<meta property=\"og:image:height\" content=\"162\" \/>\n\t\t<meta property=\"article:published_time\" content=\"2026-09-03T13:08:57+00:00\" \/>\n\t\t<meta property=\"article:modified_time\" content=\"2026-09-03T13:08:58+00:00\" \/>\n\t\t<meta name=\"twitter:card\" content=\"summary_large_image\" \/>\n\t\t<meta name=\"twitter:title\" content=\"Seis meses de guerra no Ir\u00e3 pressionam custos e redesenham estrat\u00e9gias na cadeia de embalagens e tintas no Brasil - Jornal da Constru\u00e7\u00e3o Civil\" \/>\n\t\t<meta name=\"twitter:description\" content=\"Volatilidade do petr\u00f3leo, alta das resinas e press\u00e3o log\u00edstica atravessam o segmento, enquanto mercado projeta crescimento limitado em 2026. Setembro, 2026 - Seis meses depois do in\u00edcio da guerra envolvendo Estados Unidos, Israel e Ir\u00e3, os efeitos do conflito seguem atravessando cadeias industriais distantes do Oriente M\u00e9dio. No Brasil, um dos reflexos aparece no mercado\" \/>\n\t\t<meta name=\"twitter:image\" content=\"https:\/\/jornaldaconstrucaocivil.com.br\/wp-content\/uploads\/2026\/01\/cropped-BANNER-OK-2.png\" \/>\n\t\t<script type=\"application\/ld+json\" class=\"aioseo-schema\">\n\t\t\t{\"@context\":\"https:\\\/\\\/schema.org\",\"@graph\":[{\"@type\":\"BlogPosting\",\"@id\":\"https:\\\/\\\/jornaldaconstrucaocivil.com.br\\\/?p=27176#blogposting\",\"name\":\"Seis meses de guerra no Ir\\u00e3 pressionam custos e redesenham estrat\\u00e9gias na cadeia de embalagens e tintas no Brasil - Jornal da Constru\\u00e7\\u00e3o Civil\",\"headline\":\"Seis meses de guerra no Ir\\u00e3 pressionam custos e redesenham estrat\\u00e9gias na cadeia de embalagens e tintas no Brasil\",\"author\":{\"@id\":\"https:\\\/\\\/jornaldaconstrucaocivil.com.br\\\/?author=1#author\"},\"publisher\":{\"@id\":\"https:\\\/\\\/jornaldaconstrucaocivil.com.br\\\/#organization\"},\"image\":{\"@type\":\"ImageObject\",\"url\":\"https:\\\/\\\/jornaldaconstrucaocivil.com.br\\\/wp-content\\\/uploads\\\/2026\\\/09\\\/unnamed-1.jpg\",\"width\":1486,\"height\":990},\"datePublished\":\"2026-09-03T10:08:57-03:00\",\"dateModified\":\"2026-09-03T10:08:58-03:00\",\"inLanguage\":\"pt-BR\",\"mainEntityOfPage\":{\"@id\":\"https:\\\/\\\/jornaldaconstrucaocivil.com.br\\\/?p=27176#webpage\"},\"isPartOf\":{\"@id\":\"https:\\\/\\\/jornaldaconstrucaocivil.com.br\\\/?p=27176#webpage\"},\"articleSection\":\"Mercado, EUS X Ir\\u00e3, Oil&amp;Gas, Tintas e Vernizes\"},{\"@type\":\"BreadcrumbList\",\"@id\":\"https:\\\/\\\/jornaldaconstrucaocivil.com.br\\\/?p=27176#breadcrumblist\",\"itemListElement\":[{\"@type\":\"ListItem\",\"@id\":\"https:\\\/\\\/jornaldaconstrucaocivil.com.br#listItem\",\"position\":1,\"name\":\"Home\",\"item\":\"https:\\\/\\\/jornaldaconstrucaocivil.com.br\",\"nextItem\":{\"@type\":\"ListItem\",\"@id\":\"https:\\\/\\\/jornaldaconstrucaocivil.com.br\\\/?cat=33#listItem\",\"name\":\"Mercado\"}},{\"@type\":\"ListItem\",\"@id\":\"https:\\\/\\\/jornaldaconstrucaocivil.com.br\\\/?cat=33#listItem\",\"position\":2,\"name\":\"Mercado\",\"item\":\"https:\\\/\\\/jornaldaconstrucaocivil.com.br\\\/?cat=33\",\"nextItem\":{\"@type\":\"ListItem\",\"@id\":\"https:\\\/\\\/jornaldaconstrucaocivil.com.br\\\/?p=27176#listItem\",\"name\":\"Seis meses de guerra no Ir\\u00e3 pressionam custos e redesenham estrat\\u00e9gias na cadeia de embalagens e tintas no Brasil\"},\"previousItem\":{\"@type\":\"ListItem\",\"@id\":\"https:\\\/\\\/jornaldaconstrucaocivil.com.br#listItem\",\"name\":\"Home\"}},{\"@type\":\"ListItem\",\"@id\":\"https:\\\/\\\/jornaldaconstrucaocivil.com.br\\\/?p=27176#listItem\",\"position\":3,\"name\":\"Seis meses de guerra no Ir\\u00e3 pressionam custos e redesenham estrat\\u00e9gias na cadeia de embalagens e tintas no Brasil\",\"previousItem\":{\"@type\":\"ListItem\",\"@id\":\"https:\\\/\\\/jornaldaconstrucaocivil.com.br\\\/?cat=33#listItem\",\"name\":\"Mercado\"}}]},{\"@type\":\"Organization\",\"@id\":\"https:\\\/\\\/jornaldaconstrucaocivil.com.br\\\/#organization\",\"name\":\"Jornal da Constru\\u00e7\\u00e3o Civil\",\"description\":\"O Maior Portal da Constru\\u00e7\\u00e3o Civil\",\"url\":\"https:\\\/\\\/jornaldaconstrucaocivil.com.br\\\/\",\"logo\":{\"@type\":\"ImageObject\",\"url\":\"https:\\\/\\\/jornaldaconstrucaocivil.com.br\\\/wp-content\\\/uploads\\\/2026\\\/01\\\/cropped-BANNER-OK-2.png\",\"@id\":\"https:\\\/\\\/jornaldaconstrucaocivil.com.br\\\/?p=27176\\\/#organizationLogo\",\"width\":760,\"height\":162},\"image\":{\"@id\":\"https:\\\/\\\/jornaldaconstrucaocivil.com.br\\\/?p=27176\\\/#organizationLogo\"}},{\"@type\":\"Person\",\"@id\":\"https:\\\/\\\/jornaldaconstrucaocivil.com.br\\\/?author=1#author\",\"url\":\"https:\\\/\\\/jornaldaconstrucaocivil.com.br\\\/?author=1\",\"name\":\"Jornal da Constru\\u00e7\\u00e3o Civil\",\"image\":{\"@type\":\"ImageObject\",\"@id\":\"https:\\\/\\\/jornaldaconstrucaocivil.com.br\\\/?p=27176#authorImage\",\"url\":\"https:\\\/\\\/jornaldaconstrucaocivil.com.br\\\/wp-content\\\/plugins\\\/ultimate-member\\\/assets\\\/img\\\/default_avatar.jpg\",\"width\":96,\"height\":96,\"caption\":\"Jornal da Constru\\u00e7\\u00e3o Civil\"}},{\"@type\":\"WebPage\",\"@id\":\"https:\\\/\\\/jornaldaconstrucaocivil.com.br\\\/?p=27176#webpage\",\"url\":\"https:\\\/\\\/jornaldaconstrucaocivil.com.br\\\/?p=27176\",\"name\":\"Seis meses de guerra no Ir\\u00e3 pressionam custos e redesenham estrat\\u00e9gias na cadeia de embalagens e tintas no Brasil - Jornal da Constru\\u00e7\\u00e3o Civil\",\"description\":\"Volatilidade do petr\\u00f3leo, alta das resinas e press\\u00e3o log\\u00edstica atravessam o segmento, enquanto mercado projeta crescimento limitado em 2026. Setembro, 2026 - Seis meses depois do in\\u00edcio da guerra envolvendo Estados Unidos, Israel e Ir\\u00e3, os efeitos do conflito seguem atravessando cadeias industriais distantes do Oriente M\\u00e9dio. No Brasil, um dos reflexos aparece no mercado\",\"inLanguage\":\"pt-BR\",\"isPartOf\":{\"@id\":\"https:\\\/\\\/jornaldaconstrucaocivil.com.br\\\/#website\"},\"breadcrumb\":{\"@id\":\"https:\\\/\\\/jornaldaconstrucaocivil.com.br\\\/?p=27176#breadcrumblist\"},\"author\":{\"@id\":\"https:\\\/\\\/jornaldaconstrucaocivil.com.br\\\/?author=1#author\"},\"creator\":{\"@id\":\"https:\\\/\\\/jornaldaconstrucaocivil.com.br\\\/?author=1#author\"},\"image\":{\"@type\":\"ImageObject\",\"url\":\"https:\\\/\\\/jornaldaconstrucaocivil.com.br\\\/wp-content\\\/uploads\\\/2026\\\/09\\\/unnamed-1.jpg\",\"@id\":\"https:\\\/\\\/jornaldaconstrucaocivil.com.br\\\/?p=27176\\\/#mainImage\",\"width\":1486,\"height\":990},\"primaryImageOfPage\":{\"@id\":\"https:\\\/\\\/jornaldaconstrucaocivil.com.br\\\/?p=27176#mainImage\"},\"datePublished\":\"2026-09-03T10:08:57-03:00\",\"dateModified\":\"2026-09-03T10:08:58-03:00\"},{\"@type\":\"WebSite\",\"@id\":\"https:\\\/\\\/jornaldaconstrucaocivil.com.br\\\/#website\",\"url\":\"https:\\\/\\\/jornaldaconstrucaocivil.com.br\\\/\",\"name\":\"Jornal da Constru\\u00e7\\u00e3o Civil\",\"description\":\"O Maior Portal da Constru\\u00e7\\u00e3o Civil\",\"inLanguage\":\"pt-BR\",\"publisher\":{\"@id\":\"https:\\\/\\\/jornaldaconstrucaocivil.com.br\\\/#organization\"}}]}\n\t\t<\/script>\n\t\t<!-- All in One SEO -->\n\n","aioseo_head_json":{"title":"Seis meses de guerra no Ir\u00e3 pressionam custos e redesenham estrat\u00e9gias na cadeia de embalagens e tintas no Brasil - Jornal da Constru\u00e7\u00e3o Civil","description":"Volatilidade do petr\u00f3leo, alta das resinas e press\u00e3o log\u00edstica atravessam o segmento, enquanto mercado projeta crescimento limitado em 2026. Setembro, 2026 - Seis meses depois do in\u00edcio da guerra envolvendo Estados Unidos, Israel e Ir\u00e3, os efeitos do conflito seguem atravessando cadeias industriais distantes do Oriente M\u00e9dio. No Brasil, um dos reflexos aparece no mercado","canonical_url":"https:\/\/jornaldaconstrucaocivil.com.br\/?p=27176","robots":"max-image-preview:large","keywords":"","webmasterTools":{"miscellaneous":""},"schema":{"@context":"https:\/\/schema.org","@graph":[{"@type":"BlogPosting","@id":"https:\/\/jornaldaconstrucaocivil.com.br\/?p=27176#blogposting","name":"Seis meses de guerra no Ir\u00e3 pressionam custos e redesenham estrat\u00e9gias na cadeia de embalagens e tintas no Brasil - Jornal da Constru\u00e7\u00e3o Civil","headline":"Seis meses de guerra no Ir\u00e3 pressionam custos e redesenham estrat\u00e9gias na cadeia de embalagens e tintas no Brasil","author":{"@id":"https:\/\/jornaldaconstrucaocivil.com.br\/?author=1#author"},"publisher":{"@id":"https:\/\/jornaldaconstrucaocivil.com.br\/#organization"},"image":{"@type":"ImageObject","url":"https:\/\/jornaldaconstrucaocivil.com.br\/wp-content\/uploads\/2026\/09\/unnamed-1.jpg","width":1486,"height":990},"datePublished":"2026-09-03T10:08:57-03:00","dateModified":"2026-09-03T10:08:58-03:00","inLanguage":"pt-BR","mainEntityOfPage":{"@id":"https:\/\/jornaldaconstrucaocivil.com.br\/?p=27176#webpage"},"isPartOf":{"@id":"https:\/\/jornaldaconstrucaocivil.com.br\/?p=27176#webpage"},"articleSection":"Mercado, EUS X Ir\u00e3, Oil&amp;Gas, Tintas e Vernizes"},{"@type":"BreadcrumbList","@id":"https:\/\/jornaldaconstrucaocivil.com.br\/?p=27176#breadcrumblist","itemListElement":[{"@type":"ListItem","@id":"https:\/\/jornaldaconstrucaocivil.com.br#listItem","position":1,"name":"Home","item":"https:\/\/jornaldaconstrucaocivil.com.br","nextItem":{"@type":"ListItem","@id":"https:\/\/jornaldaconstrucaocivil.com.br\/?cat=33#listItem","name":"Mercado"}},{"@type":"ListItem","@id":"https:\/\/jornaldaconstrucaocivil.com.br\/?cat=33#listItem","position":2,"name":"Mercado","item":"https:\/\/jornaldaconstrucaocivil.com.br\/?cat=33","nextItem":{"@type":"ListItem","@id":"https:\/\/jornaldaconstrucaocivil.com.br\/?p=27176#listItem","name":"Seis meses de guerra no Ir\u00e3 pressionam custos e redesenham estrat\u00e9gias na cadeia de embalagens e tintas no Brasil"},"previousItem":{"@type":"ListItem","@id":"https:\/\/jornaldaconstrucaocivil.com.br#listItem","name":"Home"}},{"@type":"ListItem","@id":"https:\/\/jornaldaconstrucaocivil.com.br\/?p=27176#listItem","position":3,"name":"Seis meses de guerra no Ir\u00e3 pressionam custos e redesenham estrat\u00e9gias na cadeia de embalagens e tintas no Brasil","previousItem":{"@type":"ListItem","@id":"https:\/\/jornaldaconstrucaocivil.com.br\/?cat=33#listItem","name":"Mercado"}}]},{"@type":"Organization","@id":"https:\/\/jornaldaconstrucaocivil.com.br\/#organization","name":"Jornal da Constru\u00e7\u00e3o Civil","description":"O Maior Portal da Constru\u00e7\u00e3o Civil","url":"https:\/\/jornaldaconstrucaocivil.com.br\/","logo":{"@type":"ImageObject","url":"https:\/\/jornaldaconstrucaocivil.com.br\/wp-content\/uploads\/2026\/01\/cropped-BANNER-OK-2.png","@id":"https:\/\/jornaldaconstrucaocivil.com.br\/?p=27176\/#organizationLogo","width":760,"height":162},"image":{"@id":"https:\/\/jornaldaconstrucaocivil.com.br\/?p=27176\/#organizationLogo"}},{"@type":"Person","@id":"https:\/\/jornaldaconstrucaocivil.com.br\/?author=1#author","url":"https:\/\/jornaldaconstrucaocivil.com.br\/?author=1","name":"Jornal da Constru\u00e7\u00e3o Civil","image":{"@type":"ImageObject","@id":"https:\/\/jornaldaconstrucaocivil.com.br\/?p=27176#authorImage","url":"https:\/\/jornaldaconstrucaocivil.com.br\/wp-content\/plugins\/ultimate-member\/assets\/img\/default_avatar.jpg","width":96,"height":96,"caption":"Jornal da Constru\u00e7\u00e3o Civil"}},{"@type":"WebPage","@id":"https:\/\/jornaldaconstrucaocivil.com.br\/?p=27176#webpage","url":"https:\/\/jornaldaconstrucaocivil.com.br\/?p=27176","name":"Seis meses de guerra no Ir\u00e3 pressionam custos e redesenham estrat\u00e9gias na cadeia de embalagens e tintas no Brasil - Jornal da Constru\u00e7\u00e3o Civil","description":"Volatilidade do petr\u00f3leo, alta das resinas e press\u00e3o log\u00edstica atravessam o segmento, enquanto mercado projeta crescimento limitado em 2026. Setembro, 2026 - Seis meses depois do in\u00edcio da guerra envolvendo Estados Unidos, Israel e Ir\u00e3, os efeitos do conflito seguem atravessando cadeias industriais distantes do Oriente M\u00e9dio. No Brasil, um dos reflexos aparece no mercado","inLanguage":"pt-BR","isPartOf":{"@id":"https:\/\/jornaldaconstrucaocivil.com.br\/#website"},"breadcrumb":{"@id":"https:\/\/jornaldaconstrucaocivil.com.br\/?p=27176#breadcrumblist"},"author":{"@id":"https:\/\/jornaldaconstrucaocivil.com.br\/?author=1#author"},"creator":{"@id":"https:\/\/jornaldaconstrucaocivil.com.br\/?author=1#author"},"image":{"@type":"ImageObject","url":"https:\/\/jornaldaconstrucaocivil.com.br\/wp-content\/uploads\/2026\/09\/unnamed-1.jpg","@id":"https:\/\/jornaldaconstrucaocivil.com.br\/?p=27176\/#mainImage","width":1486,"height":990},"primaryImageOfPage":{"@id":"https:\/\/jornaldaconstrucaocivil.com.br\/?p=27176#mainImage"},"datePublished":"2026-09-03T10:08:57-03:00","dateModified":"2026-09-03T10:08:58-03:00"},{"@type":"WebSite","@id":"https:\/\/jornaldaconstrucaocivil.com.br\/#website","url":"https:\/\/jornaldaconstrucaocivil.com.br\/","name":"Jornal da Constru\u00e7\u00e3o Civil","description":"O Maior Portal da Constru\u00e7\u00e3o Civil","inLanguage":"pt-BR","publisher":{"@id":"https:\/\/jornaldaconstrucaocivil.com.br\/#organization"}}]},"og:locale":"pt_BR","og:site_name":"Jornal da Constru\u00e7\u00e3o Civil - O Maior Portal da Constru\u00e7\u00e3o Civil","og:type":"article","og:title":"Seis meses de guerra no Ir\u00e3 pressionam custos e redesenham estrat\u00e9gias na cadeia de embalagens e tintas no Brasil - Jornal da Constru\u00e7\u00e3o Civil","og:description":"Volatilidade do petr\u00f3leo, alta das resinas e press\u00e3o log\u00edstica atravessam o segmento, enquanto mercado projeta crescimento limitado em 2026. Setembro, 2026 - Seis meses depois do in\u00edcio da guerra envolvendo Estados Unidos, Israel e Ir\u00e3, os efeitos do conflito seguem atravessando cadeias industriais distantes do Oriente M\u00e9dio. No Brasil, um dos reflexos aparece no mercado","og:url":"https:\/\/jornaldaconstrucaocivil.com.br\/?p=27176","og:image":"https:\/\/jornaldaconstrucaocivil.com.br\/wp-content\/uploads\/2026\/01\/cropped-BANNER-OK-2.png","og:image:secure_url":"https:\/\/jornaldaconstrucaocivil.com.br\/wp-content\/uploads\/2026\/01\/cropped-BANNER-OK-2.png","og:image:width":760,"og:image:height":162,"article:published_time":"2026-09-03T13:08:57+00:00","article:modified_time":"2026-09-03T13:08:58+00:00","twitter:card":"summary_large_image","twitter:title":"Seis meses de guerra no Ir\u00e3 pressionam custos e redesenham estrat\u00e9gias na cadeia de embalagens e tintas no Brasil - Jornal da Constru\u00e7\u00e3o Civil","twitter:description":"Volatilidade do petr\u00f3leo, alta das resinas e press\u00e3o log\u00edstica atravessam o segmento, enquanto mercado projeta crescimento limitado em 2026. Setembro, 2026 - Seis meses depois do in\u00edcio da guerra envolvendo Estados Unidos, Israel e Ir\u00e3, os efeitos do conflito seguem atravessando cadeias industriais distantes do Oriente M\u00e9dio. No Brasil, um dos reflexos aparece no mercado","twitter:image":"https:\/\/jornaldaconstrucaocivil.com.br\/wp-content\/uploads\/2026\/01\/cropped-BANNER-OK-2.png"},"aioseo_meta_data":{"post_id":"27176","title":null,"description":null,"keywords":null,"keyphrases":{"focus":{"keyphrase":"","score":0,"analysis":{"keyphraseInTitle":{"score":0,"maxScore":9,"error":1}}},"additional":[]},"primary_term":null,"canonical_url":null,"og_title":null,"og_description":null,"og_object_type":"default","og_image_type":"default","og_image_custom_url":null,"og_image_custom_fields":null,"og_image_url":null,"og_image_width":null,"og_image_height":null,"og_video":"","og_custom_url":null,"og_article_section":null,"og_article_tags":null,"twitter_use_og":false,"twitter_card":"default","twitter_image_type":"default","twitter_image_custom_url":null,"twitter_image_custom_fields":null,"twitter_image_url":null,"twitter_title":null,"twitter_description":null,"schema_type":"default","schema_type_options":null,"schema":{"blockGraphs":[],"customGraphs":[],"default":{"data":{"Article":[],"Course":[],"Dataset":[],"FAQPage":[],"Movie":[],"Person":[],"Product":[],"ProductReview":[],"Car":[],"Recipe":[],"Service":[],"SoftwareApplication":[],"WebPage":[]},"graphName":"BlogPosting","isEnabled":true},"graphs":[]},"pillar_content":false,"robots_default":true,"robots_noindex":false,"robots_noarchive":false,"robots_nosnippet":false,"robots_nofollow":false,"robots_noimageindex":false,"robots_noodp":false,"robots_notranslate":false,"robots_max_snippet":"-1","robots_max_videopreview":"-1","robots_max_imagepreview":"large","priority":null,"frequency":"default","local_seo":null,"limit_modified_date":false,"ai":{"faqs":[],"keyPoints":[],"schemas":[],"titles":[],"descriptions":[],"socialPosts":{"email":{"subject":"","preview":"","content":""},"linkedin":[],"twitter":[],"facebook":[],"instagram":[]}},"breadcrumb_settings":null,"seo_analyzer_scan_date":null,"created":"2026-09-03 13:08:58","updated":"2026-09-03 13:45:29","focus_keyword":null,"additional_keywords":null,"truseo_locale":null},"aioseo_breadcrumb":"<div class=\"aioseo-breadcrumbs\"><span class=\"aioseo-breadcrumb\">\n\t\t\t<a href=\"https:\/\/jornaldaconstrucaocivil.com.br\" title=\"Home\">Home<\/a>\n\t\t<\/span><span class=\"aioseo-breadcrumb-separator\">&raquo;<\/span><span class=\"aioseo-breadcrumb\">\n\t\t\t<a href=\"https:\/\/jornaldaconstrucaocivil.com.br\/?cat=33\" title=\"Mercado\">Mercado<\/a>\n\t\t<\/span><span class=\"aioseo-breadcrumb-separator\">&raquo;<\/span><span class=\"aioseo-breadcrumb\">\n\t\t\tSeis meses de guerra no Ir\u00e3 pressionam custos e redesenham estrat\u00e9gias na cadeia de embalagens e tintas no Brasil\n\t\t<\/span><\/div>","aioseo_breadcrumb_json":[{"label":"Home","link":"https:\/\/jornaldaconstrucaocivil.com.br"},{"label":"Mercado","link":"https:\/\/jornaldaconstrucaocivil.com.br\/?cat=33"},{"label":"Seis meses de guerra no Ir\u00e3 pressionam custos e redesenham estrat\u00e9gias na cadeia de embalagens e tintas no Brasil","link":"https:\/\/jornaldaconstrucaocivil.com.br\/?p=27176"}],"spectra_blocks_featured_image_url":{"thumbnail":{"url":"https:\/\/jornaldaconstrucaocivil.com.br\/wp-content\/uploads\/2026\/09\/unnamed-1-150x150.jpg","width":150,"height":150},"medium":{"url":"https:\/\/jornaldaconstrucaocivil.com.br\/wp-content\/uploads\/2026\/09\/unnamed-1-300x200.jpg","width":300,"height":200},"medium_large":{"url":"https:\/\/jornaldaconstrucaocivil.com.br\/wp-content\/uploads\/2026\/09\/unnamed-1-768x512.jpg","width":768,"height":512},"large":{"url":"https:\/\/jornaldaconstrucaocivil.com.br\/wp-content\/uploads\/2026\/09\/unnamed-1-1024x682.jpg","width":1024,"height":682},"full":{"url":"https:\/\/jornaldaconstrucaocivil.com.br\/wp-content\/uploads\/2026\/09\/unnamed-1.jpg","width":1486,"height":990}},"spectra_blocks_author_info":{"display_name":"Jornal da Constru\u00e7\u00e3o Civil","avatar_url":"https:\/\/jornaldaconstrucaocivil.com.br\/wp-content\/plugins\/ultimate-member\/assets\/img\/default_avatar.jpg","author_link":"https:\/\/jornaldaconstrucaocivil.com.br\/?author=1","description":"Desde de 2013, levando muitas informa\u00e7\u00f5es, lan\u00e7amentos e produtos de qualidade para toda cadeia produtiva da constru\u00e7\u00e3o. O Futuro da constru\u00e7\u00e3o passa por aqui,"},"_links":{"self":[{"href":"https:\/\/jornaldaconstrucaocivil.com.br\/index.php?rest_route=\/wp\/v2\/posts\/27176","targetHints":{"allow":["GET"]}}],"collection":[{"href":"https:\/\/jornaldaconstrucaocivil.com.br\/index.php?rest_route=\/wp\/v2\/posts"}],"about":[{"href":"https:\/\/jornaldaconstrucaocivil.com.br\/index.php?rest_route=\/wp\/v2\/types\/post"}],"author":[{"embeddable":true,"href":"https:\/\/jornaldaconstrucaocivil.com.br\/index.php?rest_route=\/wp\/v2\/users\/1"}],"replies":[{"embeddable":true,"href":"https:\/\/jornaldaconstrucaocivil.com.br\/index.php?rest_route=%2Fwp%2Fv2%2Fcomments&post=27176"}],"version-history":[{"count":1,"href":"https:\/\/jornaldaconstrucaocivil.com.br\/index.php?rest_route=\/wp\/v2\/posts\/27176\/revisions"}],"predecessor-version":[{"id":27178,"href":"https:\/\/jornaldaconstrucaocivil.com.br\/index.php?rest_route=\/wp\/v2\/posts\/27176\/revisions\/27178"}],"wp:featuredmedia":[{"embeddable":true,"href":"https:\/\/jornaldaconstrucaocivil.com.br\/index.php?rest_route=\/wp\/v2\/media\/27177"}],"wp:attachment":[{"href":"https:\/\/jornaldaconstrucaocivil.com.br\/index.php?rest_route=%2Fwp%2Fv2%2Fmedia&parent=27176"}],"wp:term":[{"taxonomy":"category","embeddable":true,"href":"https:\/\/jornaldaconstrucaocivil.com.br\/index.php?rest_route=%2Fwp%2Fv2%2Fcategories&post=27176"},{"taxonomy":"post_tag","embeddable":true,"href":"https:\/\/jornaldaconstrucaocivil.com.br\/index.php?rest_route=%2Fwp%2Fv2%2Ftags&post=27176"}],"curies":[{"name":"wp","href":"https:\/\/api.w.org\/{rel}","templated":true}]}}