{"id":27179,"date":"2026-09-03T11:56:40","date_gmt":"2026-09-03T14:56:40","guid":{"rendered":"https:\/\/jornaldaconstrucaocivil.com.br\/?p=27179"},"modified":"2026-09-03T11:56:41","modified_gmt":"2026-09-03T14:56:41","slug":"de-olho-nas-eleicoes-2026-fim-da-escala-6-x-1-passa-na-ccj-e-vai-a-plenario","status":"publish","type":"post","link":"https:\/\/jornaldaconstrucaocivil.com.br\/?p=27179","title":{"rendered":"De olho nas Elei\u00e7\u00f5es 2026: Fim da Escala 6 x 1 passa na CCJ e vai a plen\u00e1rio"},"content":{"rendered":"\n<p class=\"wp-block-paragraph\">A Comiss\u00e3o de Constitui\u00e7\u00e3o e Justi\u00e7a (CCJ) do Senado aprovou nesta quarta-feira (2) a proposta de emenda \u00e0 Constitui\u00e7\u00e3o que acaba com a chamada escala 6&#215;1 \u2013 seis dias de trabalho e um de repouso. A mat\u00e9ria vai a Plen\u00e1rio.<\/p>\n\n\n\n<p class=\"wp-block-paragraph\">Setembro, 2026 &#8211; A <a href=\"https:\/\/www25.senado.leg.br\/web\/atividade\/materias\/-\/materia\/174386\" target=\"_blank\" rel=\"noreferrer noopener\">PEC 221\/2019<\/a>, relatada pelo senador Omar Aziz (PSD-AM), reduz a jornada m\u00e1xima de trabalho semanal de 44 para 40 horas. A proposta fixa per\u00edodo de at\u00e9 oito horas di\u00e1rias, com possibilidade de compensa\u00e7\u00e3o de hor\u00e1rios e redu\u00e7\u00e3o da jornada por acordo ou conven\u00e7\u00e3o coletiva de trabalho. O texto tamb\u00e9m estabelece repouso semanal remunerado de dois dias, um deles preferencialmente aos domingos, sem redu\u00e7\u00e3o salarial.<\/p>\n\n\n\n<p class=\"wp-block-paragraph\">O texto original foi aprovado em vota\u00e7\u00e3o simb\u00f3lica (havia 27 senadores presentes), com votos contr\u00e1rios de Rog\u00e9rio Marinho (PL-RN), Jaime Bagattoli (PL-RO), Hamilton Mour\u00e3o (Republicanos-RS) e Tereza Cristina (PP-MS).&nbsp;Os senadores aprovaram requerimento para tramita\u00e7\u00e3o da PEC em calend\u00e1rio especial no Plen\u00e1rio, para abreviar os prazos regimentais.<\/p>\n\n\n\n<p class=\"wp-block-paragraph\">Tendo como primeiro signat\u00e1rio o deputado federal Reginaldo Lopes (PT-MG), a PEC havia sido aprovada no Plen\u00e1rio da C\u00e2mara em maio deste ano. Na CCJ do Senado foram apresentadas 36 emendas, todas rejeitadas pelo senador Omar Aziz. O relator explicou que altera\u00e7\u00f5es retornariam o texto \u00e0 nova delibera\u00e7\u00e3o dos deputados, mas salientou que ser\u00e3o, sim, necess\u00e1rios alguns ajustes a serem propostos em outras mat\u00e9rias.<\/p>\n\n\n\n<p class=\"wp-block-paragraph\">Os senadores da CCJ rejeitaram destaque a uma emenda apresentada pelo senador Rog\u00e9rio Marinho, que afirmou n\u00e3o ser razo\u00e1vel que o texto da Constitui\u00e7\u00e3o defina jornada e escala de trabalho. Ele defendeu que \u201ca escala possa ser mut\u00e1vel\u201d, de forma que n\u00e3o seja imposta a todos uma escala \u00fanica.<\/p>\n\n\n\n<p class=\"wp-block-paragraph\">Rog\u00e9rio Marinho chegou a pedir vista regimental, ap\u00f3s quase cinco horas de debate, o que levou a uma suspens\u00e3o da reuni\u00e3o durante uma hora, concedida pelo presidente da CCJ, senador Otto Alencar (PSD-BA). Reiniciada a reuni\u00e3o, Omar Aziz alegou que qualquer altera\u00e7\u00e3o no texto original exigiria devolver a PEC \u00e0 C\u00e2mara.<\/p>\n\n\n\n<p class=\"wp-block-paragraph\">A PEC agora segue ao Plen\u00e1rio, onde tem que passar por cinco sess\u00f5es de discuss\u00e3o antes da vota\u00e7\u00e3o em primeiro turno. Para ser aprovada, precisa do voto de tr\u00eas quintos dos senadores, o equivalente a 49 dos 81 parlamentares, em dois turnos de vota\u00e7\u00e3o. Entre o primeiro e o segundo turno, deve ser cumprido o intervalo previsto pelo Regimento da Casa. Esses prazos podem ser reduzidos por acordo.<\/p>\n\n\n\n<h3 class=\"wp-block-heading\"><strong>Apoio<\/strong><\/h3>\n\n\n\n<p class=\"wp-block-paragraph\">Durante a leitura do parecer, o senador Omar Aziz rebateu cr\u00edticas \u00e0 PEC com rela\u00e7\u00e3o a poss\u00edveis consequ\u00eancias para a economia brasileira. Ele lembrou que, em d\u00e9cadas passadas, a introdu\u00e7\u00e3o do 13\u00ba sal\u00e1rio e da redu\u00e7\u00e3o da jornada semanal de 48 para 44 semanais n\u00e3o prejudicaram o pa\u00eds. Disse ainda que se estima que a nova jornada ir\u00e1 beneficiar mais de 37 milh\u00f5es de trabalhadores, dos quais mais de 57% s\u00e3o mulheres, com jornada m\u00faltipla de atividades. O relator ressaltou ainda que pesquisas comprovam que \u201co trabalhador descansado rende mais e erra menos\u201d.<\/p>\n\n\n\n<p class=\"wp-block-paragraph\">\u2014 Esse patamar [44 horas semanais] permanece inalterado h\u00e1 38 anos, per\u00edodo ao longo do qual a economia brasileira passou por transforma\u00e7\u00f5es profundas em produtividade, incorpora\u00e7\u00e3o tecnol\u00f3gica e organiza\u00e7\u00e3o produtiva. A revis\u00e3o do par\u00e2metro constitucional n\u00e3o \u00e9, nesse contexto, ruptura, mas atualiza\u00e7\u00e3o h\u00e1 muito devida \u2014 exp\u00f4s o relator. &nbsp;&nbsp;<\/p>\n\n\n\n<p class=\"wp-block-paragraph\">Assim como os senadores Teresa Leit\u00e3o (PT-PE), Fabiano Contarato (PT-ES) e Rog\u00e9rio Carvalho (PT-SE), a senadora Eliziane Gama (PSD-MA) tamb\u00e9m salientou que todas as vezes que o Congresso Nacional assegura direitos trabalhista, \u201co discurso \u00e9 sempre o mesmo: de que a economia vai quebrar\u201d.<\/p>\n\n\n\n<p class=\"wp-block-paragraph\">\u2014 Com a aprova\u00e7\u00e3o do fim da escala 6&#215;1, n\u00f3s vamos dar dignidade, n\u00f3s vamos dar sa\u00fade mental, e n\u00f3s vamos melhorar a produtividade no Brasil, n\u00f3s vamos melhorar a produ\u00e7\u00e3o do trabalho neste pa\u00eds\u2014 disse Eliziane.<\/p>\n\n\n\n<p class=\"wp-block-paragraph\">Presidente da Comiss\u00e3o de Assuntos Econ\u00f4micos (CAE), o senador Renan Calheiros (MDB-AL) disse ser imperiosa a redu\u00e7\u00e3o da jornada de trabalho, que \u201cconta com o com apoio de 70% da sociedade brasileira, al\u00e9m de ser uma tend\u00eancia irrefre\u00e1vel no mundo todo\u201d. O senador Weverton (PDT-MA) destacou pa\u00edses vizinhos que tamb\u00e9m est\u00e3o fazendo altera\u00e7\u00f5es nas jornadas de trabalho, entre eles Chile, Col\u00f4mbia e M\u00e9xico.<\/p>\n\n\n\n<p class=\"wp-block-paragraph\">Reverenciado por v\u00e1rios senadores pela luta de uma vida em prol dos trabalhadores, o senador Paulo Paim (PT-RS) lembrou que foram promovidos dois debates tem\u00e1ticos sobre o tema no Plen\u00e1rio do Senado e pediu celeridade na aprova\u00e7\u00e3o da mat\u00e9ria no Plen\u00e1rio.<\/p>\n\n\n\n<p class=\"wp-block-paragraph\">\u2014 N\u00e3o tem sentido n\u00e3o votar esse tema. \u00c9 um suic\u00eddio pol\u00edtico. Essa PEC tem de ser votada agora e n\u00e3o depois das elei\u00e7\u00f5es. Os empres\u00e1rios n\u00e3o ter\u00e3o preju\u00edzo, pelo contr\u00e1rio. A hist\u00f3ria mostrou isso. &nbsp;Por que agora ter tanto medo? \u2014 questionou.<\/p>\n\n\n\n<p class=\"wp-block-paragraph\">A PEC tamb\u00e9m foi defendida pelos senadores Veneziano Vital do R\u00eago (MDB-PB), Dra. Eud\u00f3cia (PSDB-AL), Zenaide Maia (PSD-RN), Lourdinha Pereira (PSB-MA), Styvenson Valentim (Podemos-RN), Cid Gomes (PSB-CE) e Cleitinho (Republicanos-MG).<\/p>\n\n\n\n<h3 class=\"wp-block-heading\"><strong>Ressalvas<\/strong><\/h3>\n\n\n\n<p class=\"wp-block-paragraph\">Alguns senadores manifestaram voto favor\u00e1vel \u00e0 PEC no m\u00e9rito, mas fizeram ressalvas pontuais. O senador Alessandro Vieira (MDB-SE) disse que o momento n\u00e3o \u00e9 o ideal para a economia, \u201ccom custo consider\u00e1vel do aumento do custo de vida\u201d. Apesar de garantir voto sim \u00e0 mat\u00e9ria, o senador Zequinha Marinho (Podemos-PA) ponderou que essa ser\u00e1 \u201cuma conta a ser paga por todos\u201d.<\/p>\n\n\n\n<p class=\"wp-block-paragraph\">Oriovisto Guimar\u00e3es (PSDB-PR) disse que a mat\u00e9ria \u201c\u00e9 contra os mais humildes\u201d, em especial aqueles que n\u00e3o tem carteira assinada, porque \u201cvai provocar aumento de pre\u00e7o\u201d. Para o senador Eduardo Braga (MDB-AM), a PEC \u201cexige uma adapta\u00e7\u00e3o estrutural da legisla\u00e7\u00e3o e das empresas para evitar eleva\u00e7\u00e3o de custos operacionais e, consequentemente, infla\u00e7\u00e3o de servi\u00e7os\u201d.&nbsp;<\/p>\n\n\n\n<p class=\"wp-block-paragraph\">O senador Vanderlan Cardoso (PSD-GO) disse que \u00e9 empregador e defendeu a flexibiliza\u00e7\u00e3o da jornada de trabalho, o que segundo ele \u201ctamb\u00e9m \u00e9 uma op\u00e7\u00e3o para o trabalhador e para o empregador\u201d.&nbsp;Ele relatou que precisou reduzir a jornada nas suas empresas por falta de m\u00e3o de obra.<\/p>\n\n\n\n<p class=\"wp-block-paragraph\">Magno Malta (PL-ES) defendeu uma regulamenta\u00e7\u00e3o para mitiga\u00e7\u00e3o de poss\u00edveis preju\u00edzos aos empregadores e \u00e0 economia. Para Tereza Cristina (PP-MS), a pressa na vota\u00e7\u00e3o traz preocupa\u00e7\u00e3o: \u201c\u00c9 muito complicado colocar na Constitui\u00e7\u00e3o a defini\u00e7\u00e3o de uma escala fixa.\u201d<\/p>\n\n\n\n<h3 class=\"wp-block-heading\"><strong>Oposi\u00e7\u00e3o<\/strong><\/h3>\n\n\n\n<p class=\"wp-block-paragraph\">O senador Dr. Hiran (PP-RR) afirmou que \u201ca PEC tem um vi\u00e9s eleitoreiro\u201d. Rog\u00e9rio Marinho disse que \u201co debate est\u00e1 contaminado pelo processo pol\u00edtico\u201d. As afirma\u00e7\u00f5es foram rebatidas pelo l\u00edder do governo no Congresso, senador Randolfe Rodrigues (PT-AP).<\/p>\n\n\n\n<p class=\"wp-block-paragraph\">Marinho reclamou por mat\u00e9rias an\u00e1logas n\u00e3o terem sido apensadas \u00e0 PEC 221, entre elas a <a href=\"https:\/\/www25.senado.leg.br\/web\/atividade\/materias\/-\/materia\/174362\" rel=\"noreferrer noopener\" target=\"_blank\">PEC 12\/2026<\/a>, de sua autoria, que prev\u00ea a possibilidade de op\u00e7\u00e3o pelos empregados quanto \u00e0 jornada de trabalho.<\/p>\n\n\n\n<p class=\"wp-block-paragraph\">Jaime Bagattoli afirmou que as empresas n\u00e3o ter\u00e3o como manter a mesma produ\u00e7\u00e3o com a redu\u00e7\u00e3o de 44 horas para 40 horas semanais. Para o senador, \u201ca PEC vai gerar infla\u00e7\u00e3o e vai complicar a vida dos empres\u00e1rios no Brasil\u201d.<\/p>\n\n\n\n<p class=\"wp-block-paragraph\">\u2014 N\u00e3o adianta n\u00f3s dizermos que n\u00e3o vai aumentar os custos. Vai aumentar os custos sim. N\u00e3o estou pensando em pol\u00edtica, estou pensando nas futuras gera\u00e7\u00f5es.&nbsp;Quando n\u00f3s nos deparamos com o fato de que n\u00f3s n\u00e3o temos mais a m\u00e3o de obra no Brasil&nbsp;\u2014 enfatizou Bagattoli.<\/p>\n\n\n\n<h3 class=\"wp-block-heading\"><strong>O que diz a PEC<\/strong><\/h3>\n\n\n\n<p class=\"wp-block-paragraph\">A redu\u00e7\u00e3o da jornada e a amplia\u00e7\u00e3o do repouso semanal remunerado se aplicam aos contratos vigentes, sem qualquer redu\u00e7\u00e3o salarial \u2014 nominal, proporcional ou de outra natureza \u2014, regra que tamb\u00e9m vale para os pisos salariais.<\/p>\n\n\n\n<p class=\"wp-block-paragraph\">A transi\u00e7\u00e3o ocorre em duas etapas: dois meses ap\u00f3s a publica\u00e7\u00e3o da emenda, a jornada m\u00e1xima cai para 42 horas semanais; um ano e dois meses depois, chega a 40 horas. Durante essa transi\u00e7\u00e3o, acordo ou conven\u00e7\u00e3o coletiva pode ampliar a jornada di\u00e1ria para acomodar as 42 horas semanais, desde que mantidos os dois dias de repouso.<\/p>\n\n\n\n<p class=\"wp-block-paragraph\">Conven\u00e7\u00f5es coletivas tamb\u00e9m podem instituir compensa\u00e7\u00e3o do repouso, desde que a m\u00e9dia mensal garanta dois dias de folga por semana, com ao menos um dia a cada sete. Lei ordin\u00e1ria poder\u00e1 prever regimes diferenciados de jornada e repouso, respeitados os limites constitucionais.<\/p>\n\n\n\n<p class=\"wp-block-paragraph\">Cl\u00e1usulas de acordos coletivos incompat\u00edveis com as novas regras perdem validade dois meses ap\u00f3s a publica\u00e7\u00e3o da emenda. A entrada em vigor da mudan\u00e7a n\u00e3o implicar\u00e1 redu\u00e7\u00e3o proporcional das jornadas j\u00e1 fixadas em patamar igual ou inferior a 40 horas semanais, sem preju\u00edzo do segundo dia de repouso semanal remunerado. Lei complementar poder\u00e1 prever regras de transi\u00e7\u00e3o para MEIs, microempresas e pequenas empresas, condicionadas \u00e0 manuten\u00e7\u00e3o do n\u00edvel de emprego.<\/p>\n\n\n\n<h3 class=\"wp-block-heading\"><strong>Regras especiais<\/strong><\/h3>\n\n\n\n<p class=\"wp-block-paragraph\">As novas regras de dura\u00e7\u00e3o e controle de jornada n\u00e3o valem para empregados com diploma superior que recebam ao menos 2,5 vezes o teto do RGPS \u2014 salvo por liberalidade do empregador ou previs\u00e3o em acordo coletivo \u2014, mantidas as regras de repouso. Tamb\u00e9m n\u00e3o se aplicam a servidores p\u00fablicos de nenhum dos Poderes da Uni\u00e3o, dos estados, do Distrito Federal e dos munic\u00edpios, cabendo \u00e0 Justi\u00e7a do Trabalho julgar disputas sobre o tema.<\/p>\n\n\n\n<p class=\"wp-block-paragraph\">Em contratos vigentes da administra\u00e7\u00e3o p\u00fablica que envolvam m\u00e3o de obra (inclusive concess\u00f5es de servi\u00e7os e obras), a redu\u00e7\u00e3o de jornada s\u00f3 vale ap\u00f3s aditamento contratual \u2014 a ser formalizado em at\u00e9 um ano \u2014, para preservar o equil\u00edbrio econ\u00f4mico-financeiro. J\u00e1 o segundo dia de repouso independe de aditamento e passa a valer dois meses ap\u00f3s a publica\u00e7\u00e3o da emenda. Trabalhadores alocados nesses contratos passam a ter jornada reduzida na data do aditamento ou, no limite, ao fim de um ano, com garantia de irredutibilidade salarial<\/p>\n\n\n\n<p class=\"wp-block-paragraph\">Fonte: Ag\u00eancia Senado<\/p>\n\n\n\n<p class=\"wp-block-paragraph\"><\/p>\n","protected":false},"excerpt":{"rendered":"<p>A Comiss\u00e3o de Constitui\u00e7\u00e3o e Justi\u00e7a (CCJ) do Senado aprovou nesta quarta-feira (2) a proposta de emenda \u00e0 Constitui\u00e7\u00e3o que acaba com a chamada escala 6&#215;1 \u2013 seis dias de trabalho e um de repouso. A mat\u00e9ria vai a Plen\u00e1rio. Setembro, 2026 &#8211; A PEC 221\/2019, relatada pelo senador Omar Aziz (PSD-AM), reduz a jornada [&hellip;]<\/p>\n","protected":false},"author":1,"featured_media":27180,"comment_status":"open","ping_status":"open","sticky":false,"template":"","format":"standard","meta":{"om_disable_all_campaigns":false,"_monsterinsights_skip_tracking":false,"footnotes":""},"categories":[27],"tags":[27691,27043,28090],"class_list":["post-27179","post","type-post","status-publish","format-standard","has-post-thumbnail","hentry","category-acontece","tag-eleicoes-2026","tag-escala-6-x-1","tag-senado-feredral"],"blocksy_meta":[],"aioseo_notices":[],"aioseo_head":"\n\t\t<!-- All in One SEO 5.0.0.1 - aioseo.com -->\n\t<meta name=\"description\" content=\"A Comiss\u00e3o de Constitui\u00e7\u00e3o e Justi\u00e7a (CCJ) do Senado aprovou nesta quarta-feira (2) a proposta de emenda \u00e0 Constitui\u00e7\u00e3o que acaba com a chamada escala 6x1 \u2013 seis dias de trabalho e um de repouso. A mat\u00e9ria vai a Plen\u00e1rio. Setembro, 2026 - A PEC 221\/2019, relatada pelo senador Omar Aziz (PSD-AM), reduz a jornada\" \/>\n\t<meta name=\"robots\" content=\"max-image-preview:large\" \/>\n\t<meta name=\"author\" content=\"Jornal da Constru\u00e7\u00e3o Civil\"\/>\n\t<link rel=\"canonical\" href=\"https:\/\/jornaldaconstrucaocivil.com.br\/?p=27179\" \/>\n\t<meta name=\"generator\" content=\"All in One SEO (AIOSEO) 5.0.0.1\" \/>\n\t\t<meta property=\"og:locale\" content=\"pt_BR\" \/>\n\t\t<meta property=\"og:site_name\" content=\"Jornal da Constru\u00e7\u00e3o Civil - O Maior Portal da Constru\u00e7\u00e3o Civil\" \/>\n\t\t<meta property=\"og:type\" content=\"article\" \/>\n\t\t<meta property=\"og:title\" content=\"De olho nas Elei\u00e7\u00f5es 2026: Fim da Escala 6 x 1 passa na CCJ e vai a plen\u00e1rio - Jornal da Constru\u00e7\u00e3o Civil\" \/>\n\t\t<meta property=\"og:description\" content=\"A Comiss\u00e3o de Constitui\u00e7\u00e3o e Justi\u00e7a (CCJ) do Senado aprovou nesta quarta-feira (2) a proposta de emenda \u00e0 Constitui\u00e7\u00e3o que acaba com a chamada escala 6x1 \u2013 seis dias de trabalho e um de repouso. A mat\u00e9ria vai a Plen\u00e1rio. Setembro, 2026 - A PEC 221\/2019, relatada pelo senador Omar Aziz (PSD-AM), reduz a jornada\" \/>\n\t\t<meta property=\"og:url\" content=\"https:\/\/jornaldaconstrucaocivil.com.br\/?p=27179\" \/>\n\t\t<meta property=\"og:image\" content=\"https:\/\/jornaldaconstrucaocivil.com.br\/wp-content\/uploads\/2026\/01\/cropped-BANNER-OK-2.png\" \/>\n\t\t<meta property=\"og:image:secure_url\" content=\"https:\/\/jornaldaconstrucaocivil.com.br\/wp-content\/uploads\/2026\/01\/cropped-BANNER-OK-2.png\" \/>\n\t\t<meta property=\"og:image:width\" content=\"760\" \/>\n\t\t<meta property=\"og:image:height\" content=\"162\" \/>\n\t\t<meta property=\"article:published_time\" content=\"2026-09-03T14:56:40+00:00\" \/>\n\t\t<meta property=\"article:modified_time\" content=\"2026-09-03T14:56:41+00:00\" \/>\n\t\t<meta name=\"twitter:card\" content=\"summary_large_image\" \/>\n\t\t<meta name=\"twitter:title\" content=\"De olho nas Elei\u00e7\u00f5es 2026: Fim da Escala 6 x 1 passa na CCJ e vai a plen\u00e1rio - Jornal da Constru\u00e7\u00e3o Civil\" \/>\n\t\t<meta name=\"twitter:description\" content=\"A Comiss\u00e3o de Constitui\u00e7\u00e3o e Justi\u00e7a (CCJ) do Senado aprovou nesta quarta-feira (2) a proposta de emenda \u00e0 Constitui\u00e7\u00e3o que acaba com a chamada escala 6x1 \u2013 seis dias de trabalho e um de repouso. A mat\u00e9ria vai a Plen\u00e1rio. Setembro, 2026 - A PEC 221\/2019, relatada pelo senador Omar Aziz (PSD-AM), reduz a jornada\" \/>\n\t\t<meta name=\"twitter:image\" content=\"https:\/\/jornaldaconstrucaocivil.com.br\/wp-content\/uploads\/2026\/01\/cropped-BANNER-OK-2.png\" \/>\n\t\t<script type=\"application\/ld+json\" class=\"aioseo-schema\">\n\t\t\t{\"@context\":\"https:\\\/\\\/schema.org\",\"@graph\":[{\"@type\":\"BlogPosting\",\"@id\":\"https:\\\/\\\/jornaldaconstrucaocivil.com.br\\\/?p=27179#blogposting\",\"name\":\"De olho nas Elei\\u00e7\\u00f5es 2026: Fim da Escala 6 x 1 passa na CCJ e vai a plen\\u00e1rio - Jornal da Constru\\u00e7\\u00e3o Civil\",\"headline\":\"De olho nas Elei\\u00e7\\u00f5es 2026: Fim da Escala 6 x 1 passa na CCJ e vai a plen\\u00e1rio\",\"author\":{\"@id\":\"https:\\\/\\\/jornaldaconstrucaocivil.com.br\\\/?author=1#author\"},\"publisher\":{\"@id\":\"https:\\\/\\\/jornaldaconstrucaocivil.com.br\\\/#organization\"},\"image\":{\"@type\":\"ImageObject\",\"url\":\"https:\\\/\\\/jornaldaconstrucaocivil.com.br\\\/wp-content\\\/uploads\\\/2026\\\/09\\\/FIM-6-x-1.png\",\"width\":1516,\"height\":1401,\"caption\":\"FIM DA ESCALA 6 x 1 segue para vota\\u00e7\\u00e3o. Fonte: Senado Federal\"},\"datePublished\":\"2026-09-03T11:56:40-03:00\",\"dateModified\":\"2026-09-03T11:56:41-03:00\",\"inLanguage\":\"pt-BR\",\"mainEntityOfPage\":{\"@id\":\"https:\\\/\\\/jornaldaconstrucaocivil.com.br\\\/?p=27179#webpage\"},\"isPartOf\":{\"@id\":\"https:\\\/\\\/jornaldaconstrucaocivil.com.br\\\/?p=27179#webpage\"},\"articleSection\":\"Acontece, Elei\\u00e7\\u00f5es 2026, Escala 6 x 1, Senado Feredral\"},{\"@type\":\"BreadcrumbList\",\"@id\":\"https:\\\/\\\/jornaldaconstrucaocivil.com.br\\\/?p=27179#breadcrumblist\",\"itemListElement\":[{\"@type\":\"ListItem\",\"@id\":\"https:\\\/\\\/jornaldaconstrucaocivil.com.br#listItem\",\"position\":1,\"name\":\"Home\",\"item\":\"https:\\\/\\\/jornaldaconstrucaocivil.com.br\",\"nextItem\":{\"@type\":\"ListItem\",\"@id\":\"https:\\\/\\\/jornaldaconstrucaocivil.com.br\\\/?cat=27#listItem\",\"name\":\"Acontece\"}},{\"@type\":\"ListItem\",\"@id\":\"https:\\\/\\\/jornaldaconstrucaocivil.com.br\\\/?cat=27#listItem\",\"position\":2,\"name\":\"Acontece\",\"item\":\"https:\\\/\\\/jornaldaconstrucaocivil.com.br\\\/?cat=27\",\"nextItem\":{\"@type\":\"ListItem\",\"@id\":\"https:\\\/\\\/jornaldaconstrucaocivil.com.br\\\/?p=27179#listItem\",\"name\":\"De olho nas Elei\\u00e7\\u00f5es 2026: Fim da Escala 6 x 1 passa na CCJ e vai a plen\\u00e1rio\"},\"previousItem\":{\"@type\":\"ListItem\",\"@id\":\"https:\\\/\\\/jornaldaconstrucaocivil.com.br#listItem\",\"name\":\"Home\"}},{\"@type\":\"ListItem\",\"@id\":\"https:\\\/\\\/jornaldaconstrucaocivil.com.br\\\/?p=27179#listItem\",\"position\":3,\"name\":\"De olho nas Elei\\u00e7\\u00f5es 2026: Fim da Escala 6 x 1 passa na CCJ e vai a plen\\u00e1rio\",\"previousItem\":{\"@type\":\"ListItem\",\"@id\":\"https:\\\/\\\/jornaldaconstrucaocivil.com.br\\\/?cat=27#listItem\",\"name\":\"Acontece\"}}]},{\"@type\":\"Organization\",\"@id\":\"https:\\\/\\\/jornaldaconstrucaocivil.com.br\\\/#organization\",\"name\":\"Jornal da Constru\\u00e7\\u00e3o Civil\",\"description\":\"O Maior Portal da Constru\\u00e7\\u00e3o Civil\",\"url\":\"https:\\\/\\\/jornaldaconstrucaocivil.com.br\\\/\",\"logo\":{\"@type\":\"ImageObject\",\"url\":\"https:\\\/\\\/jornaldaconstrucaocivil.com.br\\\/wp-content\\\/uploads\\\/2026\\\/01\\\/cropped-BANNER-OK-2.png\",\"@id\":\"https:\\\/\\\/jornaldaconstrucaocivil.com.br\\\/?p=27179\\\/#organizationLogo\",\"width\":760,\"height\":162},\"image\":{\"@id\":\"https:\\\/\\\/jornaldaconstrucaocivil.com.br\\\/?p=27179\\\/#organizationLogo\"}},{\"@type\":\"Person\",\"@id\":\"https:\\\/\\\/jornaldaconstrucaocivil.com.br\\\/?author=1#author\",\"url\":\"https:\\\/\\\/jornaldaconstrucaocivil.com.br\\\/?author=1\",\"name\":\"Jornal da Constru\\u00e7\\u00e3o Civil\",\"image\":{\"@type\":\"ImageObject\",\"@id\":\"https:\\\/\\\/jornaldaconstrucaocivil.com.br\\\/?p=27179#authorImage\",\"url\":\"https:\\\/\\\/jornaldaconstrucaocivil.com.br\\\/wp-content\\\/plugins\\\/ultimate-member\\\/assets\\\/img\\\/default_avatar.jpg\",\"width\":96,\"height\":96,\"caption\":\"Jornal da Constru\\u00e7\\u00e3o Civil\"}},{\"@type\":\"WebPage\",\"@id\":\"https:\\\/\\\/jornaldaconstrucaocivil.com.br\\\/?p=27179#webpage\",\"url\":\"https:\\\/\\\/jornaldaconstrucaocivil.com.br\\\/?p=27179\",\"name\":\"De olho nas Elei\\u00e7\\u00f5es 2026: Fim da Escala 6 x 1 passa na CCJ e vai a plen\\u00e1rio - Jornal da Constru\\u00e7\\u00e3o Civil\",\"description\":\"A Comiss\\u00e3o de Constitui\\u00e7\\u00e3o e Justi\\u00e7a (CCJ) do Senado aprovou nesta quarta-feira (2) a proposta de emenda \\u00e0 Constitui\\u00e7\\u00e3o que acaba com a chamada escala 6x1 \\u2013 seis dias de trabalho e um de repouso. A mat\\u00e9ria vai a Plen\\u00e1rio. Setembro, 2026 - A PEC 221\\\/2019, relatada pelo senador Omar Aziz (PSD-AM), reduz a jornada\",\"inLanguage\":\"pt-BR\",\"isPartOf\":{\"@id\":\"https:\\\/\\\/jornaldaconstrucaocivil.com.br\\\/#website\"},\"breadcrumb\":{\"@id\":\"https:\\\/\\\/jornaldaconstrucaocivil.com.br\\\/?p=27179#breadcrumblist\"},\"author\":{\"@id\":\"https:\\\/\\\/jornaldaconstrucaocivil.com.br\\\/?author=1#author\"},\"creator\":{\"@id\":\"https:\\\/\\\/jornaldaconstrucaocivil.com.br\\\/?author=1#author\"},\"image\":{\"@type\":\"ImageObject\",\"url\":\"https:\\\/\\\/jornaldaconstrucaocivil.com.br\\\/wp-content\\\/uploads\\\/2026\\\/09\\\/FIM-6-x-1.png\",\"@id\":\"https:\\\/\\\/jornaldaconstrucaocivil.com.br\\\/?p=27179\\\/#mainImage\",\"width\":1516,\"height\":1401,\"caption\":\"FIM DA ESCALA 6 x 1 segue para vota\\u00e7\\u00e3o. Fonte: Senado Federal\"},\"primaryImageOfPage\":{\"@id\":\"https:\\\/\\\/jornaldaconstrucaocivil.com.br\\\/?p=27179#mainImage\"},\"datePublished\":\"2026-09-03T11:56:40-03:00\",\"dateModified\":\"2026-09-03T11:56:41-03:00\"},{\"@type\":\"WebSite\",\"@id\":\"https:\\\/\\\/jornaldaconstrucaocivil.com.br\\\/#website\",\"url\":\"https:\\\/\\\/jornaldaconstrucaocivil.com.br\\\/\",\"name\":\"Jornal da Constru\\u00e7\\u00e3o Civil\",\"description\":\"O Maior Portal da Constru\\u00e7\\u00e3o Civil\",\"inLanguage\":\"pt-BR\",\"publisher\":{\"@id\":\"https:\\\/\\\/jornaldaconstrucaocivil.com.br\\\/#organization\"}}]}\n\t\t<\/script>\n\t\t<!-- All in One SEO -->\n\n","aioseo_head_json":{"title":"De olho nas Elei\u00e7\u00f5es 2026: Fim da Escala 6 x 1 passa na CCJ e vai a plen\u00e1rio - Jornal da Constru\u00e7\u00e3o Civil","description":"A Comiss\u00e3o de Constitui\u00e7\u00e3o e Justi\u00e7a (CCJ) do Senado aprovou nesta quarta-feira (2) a proposta de emenda \u00e0 Constitui\u00e7\u00e3o que acaba com a chamada escala 6x1 \u2013 seis dias de trabalho e um de repouso. A mat\u00e9ria vai a Plen\u00e1rio. Setembro, 2026 - A PEC 221\/2019, relatada pelo senador Omar Aziz (PSD-AM), reduz a jornada","canonical_url":"https:\/\/jornaldaconstrucaocivil.com.br\/?p=27179","robots":"max-image-preview:large","keywords":"","webmasterTools":{"miscellaneous":""},"schema":{"@context":"https:\/\/schema.org","@graph":[{"@type":"BlogPosting","@id":"https:\/\/jornaldaconstrucaocivil.com.br\/?p=27179#blogposting","name":"De olho nas Elei\u00e7\u00f5es 2026: Fim da Escala 6 x 1 passa na CCJ e vai a plen\u00e1rio - Jornal da Constru\u00e7\u00e3o Civil","headline":"De olho nas Elei\u00e7\u00f5es 2026: Fim da Escala 6 x 1 passa na CCJ e vai a plen\u00e1rio","author":{"@id":"https:\/\/jornaldaconstrucaocivil.com.br\/?author=1#author"},"publisher":{"@id":"https:\/\/jornaldaconstrucaocivil.com.br\/#organization"},"image":{"@type":"ImageObject","url":"https:\/\/jornaldaconstrucaocivil.com.br\/wp-content\/uploads\/2026\/09\/FIM-6-x-1.png","width":1516,"height":1401,"caption":"FIM DA ESCALA 6 x 1 segue para vota\u00e7\u00e3o. Fonte: Senado Federal"},"datePublished":"2026-09-03T11:56:40-03:00","dateModified":"2026-09-03T11:56:41-03:00","inLanguage":"pt-BR","mainEntityOfPage":{"@id":"https:\/\/jornaldaconstrucaocivil.com.br\/?p=27179#webpage"},"isPartOf":{"@id":"https:\/\/jornaldaconstrucaocivil.com.br\/?p=27179#webpage"},"articleSection":"Acontece, Elei\u00e7\u00f5es 2026, Escala 6 x 1, Senado Feredral"},{"@type":"BreadcrumbList","@id":"https:\/\/jornaldaconstrucaocivil.com.br\/?p=27179#breadcrumblist","itemListElement":[{"@type":"ListItem","@id":"https:\/\/jornaldaconstrucaocivil.com.br#listItem","position":1,"name":"Home","item":"https:\/\/jornaldaconstrucaocivil.com.br","nextItem":{"@type":"ListItem","@id":"https:\/\/jornaldaconstrucaocivil.com.br\/?cat=27#listItem","name":"Acontece"}},{"@type":"ListItem","@id":"https:\/\/jornaldaconstrucaocivil.com.br\/?cat=27#listItem","position":2,"name":"Acontece","item":"https:\/\/jornaldaconstrucaocivil.com.br\/?cat=27","nextItem":{"@type":"ListItem","@id":"https:\/\/jornaldaconstrucaocivil.com.br\/?p=27179#listItem","name":"De olho nas Elei\u00e7\u00f5es 2026: Fim da Escala 6 x 1 passa na CCJ e vai a plen\u00e1rio"},"previousItem":{"@type":"ListItem","@id":"https:\/\/jornaldaconstrucaocivil.com.br#listItem","name":"Home"}},{"@type":"ListItem","@id":"https:\/\/jornaldaconstrucaocivil.com.br\/?p=27179#listItem","position":3,"name":"De olho nas Elei\u00e7\u00f5es 2026: Fim da Escala 6 x 1 passa na CCJ e vai a plen\u00e1rio","previousItem":{"@type":"ListItem","@id":"https:\/\/jornaldaconstrucaocivil.com.br\/?cat=27#listItem","name":"Acontece"}}]},{"@type":"Organization","@id":"https:\/\/jornaldaconstrucaocivil.com.br\/#organization","name":"Jornal da Constru\u00e7\u00e3o Civil","description":"O Maior Portal da Constru\u00e7\u00e3o Civil","url":"https:\/\/jornaldaconstrucaocivil.com.br\/","logo":{"@type":"ImageObject","url":"https:\/\/jornaldaconstrucaocivil.com.br\/wp-content\/uploads\/2026\/01\/cropped-BANNER-OK-2.png","@id":"https:\/\/jornaldaconstrucaocivil.com.br\/?p=27179\/#organizationLogo","width":760,"height":162},"image":{"@id":"https:\/\/jornaldaconstrucaocivil.com.br\/?p=27179\/#organizationLogo"}},{"@type":"Person","@id":"https:\/\/jornaldaconstrucaocivil.com.br\/?author=1#author","url":"https:\/\/jornaldaconstrucaocivil.com.br\/?author=1","name":"Jornal da Constru\u00e7\u00e3o Civil","image":{"@type":"ImageObject","@id":"https:\/\/jornaldaconstrucaocivil.com.br\/?p=27179#authorImage","url":"https:\/\/jornaldaconstrucaocivil.com.br\/wp-content\/plugins\/ultimate-member\/assets\/img\/default_avatar.jpg","width":96,"height":96,"caption":"Jornal da Constru\u00e7\u00e3o Civil"}},{"@type":"WebPage","@id":"https:\/\/jornaldaconstrucaocivil.com.br\/?p=27179#webpage","url":"https:\/\/jornaldaconstrucaocivil.com.br\/?p=27179","name":"De olho nas Elei\u00e7\u00f5es 2026: Fim da Escala 6 x 1 passa na CCJ e vai a plen\u00e1rio - Jornal da Constru\u00e7\u00e3o Civil","description":"A Comiss\u00e3o de Constitui\u00e7\u00e3o e Justi\u00e7a (CCJ) do Senado aprovou nesta quarta-feira (2) a proposta de emenda \u00e0 Constitui\u00e7\u00e3o que acaba com a chamada escala 6x1 \u2013 seis dias de trabalho e um de repouso. A mat\u00e9ria vai a Plen\u00e1rio. Setembro, 2026 - A PEC 221\/2019, relatada pelo senador Omar Aziz (PSD-AM), reduz a jornada","inLanguage":"pt-BR","isPartOf":{"@id":"https:\/\/jornaldaconstrucaocivil.com.br\/#website"},"breadcrumb":{"@id":"https:\/\/jornaldaconstrucaocivil.com.br\/?p=27179#breadcrumblist"},"author":{"@id":"https:\/\/jornaldaconstrucaocivil.com.br\/?author=1#author"},"creator":{"@id":"https:\/\/jornaldaconstrucaocivil.com.br\/?author=1#author"},"image":{"@type":"ImageObject","url":"https:\/\/jornaldaconstrucaocivil.com.br\/wp-content\/uploads\/2026\/09\/FIM-6-x-1.png","@id":"https:\/\/jornaldaconstrucaocivil.com.br\/?p=27179\/#mainImage","width":1516,"height":1401,"caption":"FIM DA ESCALA 6 x 1 segue para vota\u00e7\u00e3o. Fonte: Senado Federal"},"primaryImageOfPage":{"@id":"https:\/\/jornaldaconstrucaocivil.com.br\/?p=27179#mainImage"},"datePublished":"2026-09-03T11:56:40-03:00","dateModified":"2026-09-03T11:56:41-03:00"},{"@type":"WebSite","@id":"https:\/\/jornaldaconstrucaocivil.com.br\/#website","url":"https:\/\/jornaldaconstrucaocivil.com.br\/","name":"Jornal da Constru\u00e7\u00e3o Civil","description":"O Maior Portal da Constru\u00e7\u00e3o Civil","inLanguage":"pt-BR","publisher":{"@id":"https:\/\/jornaldaconstrucaocivil.com.br\/#organization"}}]},"og:locale":"pt_BR","og:site_name":"Jornal da Constru\u00e7\u00e3o Civil - O Maior Portal da Constru\u00e7\u00e3o Civil","og:type":"article","og:title":"De olho nas Elei\u00e7\u00f5es 2026: Fim da Escala 6 x 1 passa na CCJ e vai a plen\u00e1rio - Jornal da Constru\u00e7\u00e3o Civil","og:description":"A Comiss\u00e3o de Constitui\u00e7\u00e3o e Justi\u00e7a (CCJ) do Senado aprovou nesta quarta-feira (2) a proposta de emenda \u00e0 Constitui\u00e7\u00e3o que acaba com a chamada escala 6x1 \u2013 seis dias de trabalho e um de repouso. A mat\u00e9ria vai a Plen\u00e1rio. Setembro, 2026 - A PEC 221\/2019, relatada pelo senador Omar Aziz (PSD-AM), reduz a jornada","og:url":"https:\/\/jornaldaconstrucaocivil.com.br\/?p=27179","og:image":"https:\/\/jornaldaconstrucaocivil.com.br\/wp-content\/uploads\/2026\/01\/cropped-BANNER-OK-2.png","og:image:secure_url":"https:\/\/jornaldaconstrucaocivil.com.br\/wp-content\/uploads\/2026\/01\/cropped-BANNER-OK-2.png","og:image:width":760,"og:image:height":162,"article:published_time":"2026-09-03T14:56:40+00:00","article:modified_time":"2026-09-03T14:56:41+00:00","twitter:card":"summary_large_image","twitter:title":"De olho nas Elei\u00e7\u00f5es 2026: Fim da Escala 6 x 1 passa na CCJ e vai a plen\u00e1rio - Jornal da Constru\u00e7\u00e3o Civil","twitter:description":"A Comiss\u00e3o de Constitui\u00e7\u00e3o e Justi\u00e7a (CCJ) do Senado aprovou nesta quarta-feira (2) a proposta de emenda \u00e0 Constitui\u00e7\u00e3o que acaba com a chamada escala 6x1 \u2013 seis dias de trabalho e um de repouso. A mat\u00e9ria vai a Plen\u00e1rio. Setembro, 2026 - A PEC 221\/2019, relatada pelo senador Omar Aziz (PSD-AM), reduz a jornada","twitter:image":"https:\/\/jornaldaconstrucaocivil.com.br\/wp-content\/uploads\/2026\/01\/cropped-BANNER-OK-2.png"},"aioseo_meta_data":{"post_id":"27179","title":null,"description":null,"keywords":null,"keyphrases":{"focus":{"keyphrase":"","score":0,"analysis":{"keyphraseInTitle":{"score":0,"maxScore":9,"error":1}}},"additional":[]},"primary_term":null,"canonical_url":null,"og_title":null,"og_description":null,"og_object_type":"default","og_image_type":"default","og_image_custom_url":null,"og_image_custom_fields":null,"og_image_url":null,"og_image_width":null,"og_image_height":null,"og_video":"","og_custom_url":null,"og_article_section":null,"og_article_tags":null,"twitter_use_og":false,"twitter_card":"default","twitter_image_type":"default","twitter_image_custom_url":null,"twitter_image_custom_fields":null,"twitter_image_url":null,"twitter_title":null,"twitter_description":null,"schema_type":"default","schema_type_options":null,"schema":{"blockGraphs":[],"customGraphs":[],"default":{"data":{"Article":[],"Course":[],"Dataset":[],"FAQPage":[],"Movie":[],"Person":[],"Product":[],"ProductReview":[],"Car":[],"Recipe":[],"Service":[],"SoftwareApplication":[],"WebPage":[]},"graphName":"BlogPosting","isEnabled":true},"graphs":[]},"pillar_content":false,"robots_default":true,"robots_noindex":false,"robots_noarchive":false,"robots_nosnippet":false,"robots_nofollow":false,"robots_noimageindex":false,"robots_noodp":false,"robots_notranslate":false,"robots_max_snippet":"-1","robots_max_videopreview":"-1","robots_max_imagepreview":"large","priority":null,"frequency":"default","local_seo":null,"limit_modified_date":false,"ai":{"faqs":[],"keyPoints":[],"schemas":[],"titles":[],"descriptions":[],"socialPosts":{"email":{"subject":"","preview":"","content":""},"linkedin":[],"twitter":[],"facebook":[],"instagram":[]}},"breadcrumb_settings":null,"seo_analyzer_scan_date":null,"created":"2026-09-03 14:56:41","updated":"2026-09-03 14:58:04","focus_keyword":null,"additional_keywords":null,"truseo_locale":null},"aioseo_breadcrumb":"<div class=\"aioseo-breadcrumbs\"><span class=\"aioseo-breadcrumb\">\n\t\t\t<a href=\"https:\/\/jornaldaconstrucaocivil.com.br\" title=\"Home\">Home<\/a>\n\t\t<\/span><span class=\"aioseo-breadcrumb-separator\">&raquo;<\/span><span class=\"aioseo-breadcrumb\">\n\t\t\t<a href=\"https:\/\/jornaldaconstrucaocivil.com.br\/?cat=27\" title=\"Acontece\">Acontece<\/a>\n\t\t<\/span><span class=\"aioseo-breadcrumb-separator\">&raquo;<\/span><span class=\"aioseo-breadcrumb\">\n\t\t\tDe olho nas Elei\u00e7\u00f5es 2026: Fim da Escala 6 x 1 passa na CCJ e vai a plen\u00e1rio\n\t\t<\/span><\/div>","aioseo_breadcrumb_json":[{"label":"Home","link":"https:\/\/jornaldaconstrucaocivil.com.br"},{"label":"Acontece","link":"https:\/\/jornaldaconstrucaocivil.com.br\/?cat=27"},{"label":"De olho nas Elei\u00e7\u00f5es 2026: Fim da Escala 6 x 1 passa na CCJ e vai a plen\u00e1rio","link":"https:\/\/jornaldaconstrucaocivil.com.br\/?p=27179"}],"spectra_blocks_featured_image_url":{"thumbnail":{"url":"https:\/\/jornaldaconstrucaocivil.com.br\/wp-content\/uploads\/2026\/09\/FIM-6-x-1-150x150.png","width":150,"height":150},"medium":{"url":"https:\/\/jornaldaconstrucaocivil.com.br\/wp-content\/uploads\/2026\/09\/FIM-6-x-1-300x277.png","width":300,"height":277},"medium_large":{"url":"https:\/\/jornaldaconstrucaocivil.com.br\/wp-content\/uploads\/2026\/09\/FIM-6-x-1-768x710.png","width":768,"height":710},"large":{"url":"https:\/\/jornaldaconstrucaocivil.com.br\/wp-content\/uploads\/2026\/09\/FIM-6-x-1-1024x946.png","width":1024,"height":946},"full":{"url":"https:\/\/jornaldaconstrucaocivil.com.br\/wp-content\/uploads\/2026\/09\/FIM-6-x-1.png","width":1516,"height":1401}},"spectra_blocks_author_info":{"display_name":"Jornal da Constru\u00e7\u00e3o Civil","avatar_url":"https:\/\/jornaldaconstrucaocivil.com.br\/wp-content\/plugins\/ultimate-member\/assets\/img\/default_avatar.jpg","author_link":"https:\/\/jornaldaconstrucaocivil.com.br\/?author=1","description":"Desde de 2013, levando muitas informa\u00e7\u00f5es, lan\u00e7amentos e produtos de qualidade para toda cadeia produtiva da constru\u00e7\u00e3o. O Futuro da constru\u00e7\u00e3o passa por aqui,"},"_links":{"self":[{"href":"https:\/\/jornaldaconstrucaocivil.com.br\/index.php?rest_route=\/wp\/v2\/posts\/27179","targetHints":{"allow":["GET"]}}],"collection":[{"href":"https:\/\/jornaldaconstrucaocivil.com.br\/index.php?rest_route=\/wp\/v2\/posts"}],"about":[{"href":"https:\/\/jornaldaconstrucaocivil.com.br\/index.php?rest_route=\/wp\/v2\/types\/post"}],"author":[{"embeddable":true,"href":"https:\/\/jornaldaconstrucaocivil.com.br\/index.php?rest_route=\/wp\/v2\/users\/1"}],"replies":[{"embeddable":true,"href":"https:\/\/jornaldaconstrucaocivil.com.br\/index.php?rest_route=%2Fwp%2Fv2%2Fcomments&post=27179"}],"version-history":[{"count":1,"href":"https:\/\/jornaldaconstrucaocivil.com.br\/index.php?rest_route=\/wp\/v2\/posts\/27179\/revisions"}],"predecessor-version":[{"id":27181,"href":"https:\/\/jornaldaconstrucaocivil.com.br\/index.php?rest_route=\/wp\/v2\/posts\/27179\/revisions\/27181"}],"wp:featuredmedia":[{"embeddable":true,"href":"https:\/\/jornaldaconstrucaocivil.com.br\/index.php?rest_route=\/wp\/v2\/media\/27180"}],"wp:attachment":[{"href":"https:\/\/jornaldaconstrucaocivil.com.br\/index.php?rest_route=%2Fwp%2Fv2%2Fmedia&parent=27179"}],"wp:term":[{"taxonomy":"category","embeddable":true,"href":"https:\/\/jornaldaconstrucaocivil.com.br\/index.php?rest_route=%2Fwp%2Fv2%2Fcategories&post=27179"},{"taxonomy":"post_tag","embeddable":true,"href":"https:\/\/jornaldaconstrucaocivil.com.br\/index.php?rest_route=%2Fwp%2Fv2%2Ftags&post=27179"}],"curies":[{"name":"wp","href":"https:\/\/api.w.org\/{rel}","templated":true}]}}