{"id":27182,"date":"2026-09-04T23:17:27","date_gmt":"2026-09-05T02:17:27","guid":{"rendered":"https:\/\/jornaldaconstrucaocivil.com.br\/?p=27182"},"modified":"2026-09-04T23:17:28","modified_gmt":"2026-09-05T02:17:28","slug":"casacor-rio-de-janeiro-anuncia-elenco-da-edicao-em-que-celebra-35-anos","status":"publish","type":"post","link":"https:\/\/jornaldaconstrucaocivil.com.br\/?p=27182","title":{"rendered":"CASACOR Rio de Janeiro anuncia elenco da edi\u00e7\u00e3o em que celebra 35 anos"},"content":{"rendered":"\n<p class=\"wp-block-paragraph\">Mostra re\u00fane grandes nomes da arquitetura, jovens talentos e estreias em edi\u00e7\u00e3o comemorativa no Edif\u00edcio Alian\u00e7a da Bahia<\/p>\n\n\n\n<p class=\"wp-block-paragraph\">Setembro, 2026 &#8211; A\u00a0<a href=\"https:\/\/casacor.com.br\/pt-BR\/mostras\/rio-de-janeiro-2026\" target=\"_blank\" rel=\"noreferrer noopener\"><strong>CASACOR Rio de Janeiro<\/strong><\/a>\u00a0j\u00e1 definiu o\u00a0<strong>elenco\u00a0<\/strong>que dar\u00e1 vida \u00e0 edi\u00e7\u00e3o comemorativa de seus 35 anos. Entre os dias\u00a0<strong>15 de setembro e 8 de novembro de 2026<\/strong>, o hist\u00f3rico Edif\u00edcio Alian\u00e7a da Bahia, rec\u00e9m-restaurado e localizado em frente ao Pal\u00e1cio Gustavo Capanema, receber\u00e1 um grupo de profissionais que representa diferentes gera\u00e7\u00f5es, linguagens e momentos da arquitetura e do design brasileiros. O edif\u00edcio passou por retrofit assinado pelo escrit\u00f3rio Ruy Rezende Arquitetura, um dos nomes de destaque da arquitetura carioca, refor\u00e7ando um\u00a0<strong>di\u00e1logo entre patrim\u00f4nio e contemporaneidade<\/strong>\u00a0que a mostra voltar\u00e1 a promover este ano.<\/p>\n\n\n\n<figure data-spectra-id=\"spectra-mtnqvhgm-l4i6qo\" class=\"wp-block-image size-large\"><img loading=\"lazy\" decoding=\"async\" width=\"1024\" height=\"585\" src=\"https:\/\/jornaldaconstrucaocivil.com.br\/wp-content\/uploads\/2026\/09\/image-1024x585.png\" alt=\"\" class=\"wp-image-27185\" srcset=\"https:\/\/jornaldaconstrucaocivil.com.br\/wp-content\/uploads\/2026\/09\/image-1024x585.png 1024w, https:\/\/jornaldaconstrucaocivil.com.br\/wp-content\/uploads\/2026\/09\/image-300x171.png 300w, https:\/\/jornaldaconstrucaocivil.com.br\/wp-content\/uploads\/2026\/09\/image-768x439.png 768w, https:\/\/jornaldaconstrucaocivil.com.br\/wp-content\/uploads\/2026\/09\/image-1536x878.png 1536w, https:\/\/jornaldaconstrucaocivil.com.br\/wp-content\/uploads\/2026\/09\/image.png 2000w\" sizes=\"auto, (max-width: 1024px) 100vw, 1024px\" \/><\/figure>\n\n\n\n<p class=\"wp-block-paragraph\">A edi\u00e7\u00e3o reafirma a voca\u00e7\u00e3o da CASACOR Rio como&nbsp;<strong>plataforma de valoriza\u00e7\u00e3o da arquitetura, do design, do paisagismo, da arte e da cultura da cidade<\/strong>, apresentando o jeito de morar do carioca para o Brasil e para o mundo. Ao ocupar um edif\u00edcio emblem\u00e1tico no centro do Rio de Janeiro, a mostra amplia o di\u00e1logo entre patrim\u00f4nio, contemporaneidade e novas formas de habitar, tendo como ponto de partida o tema &#8220;<a target=\"_blank\" rel=\"noreferrer noopener\" href=\"https:\/\/casacor.com.br\/pt-BR\/noticias\/noticias\/mente-e-coracao-tema-casacor-2026\">Mente e Cora\u00e7\u00e3o<\/a>&#8220;, que convida arquitetos, designers de interiores e paisagistas a refletirem sobre espa\u00e7os voltados ao acolhimento, \u00e0 mem\u00f3ria, ao bem-estar e \u00e0s conex\u00f5es humanas. A implanta\u00e7\u00e3o da mostra, conduzida desde 1998 pelo arquiteto&nbsp;<a target=\"_blank\" rel=\"noreferrer noopener\" href=\"https:\/\/casacor.com.br\/pt-BR\/profissionais\/mario-costa-santos\">M\u00e1rio Costa Santos<\/a>, contribui para traduzir esse conceito em uma experi\u00eancia espacial que, ao longo das \u00faltimas d\u00e9cadas, se tornou uma das marcas da CASACOR Rio.<\/p>\n\n\n\n<p class=\"wp-block-paragraph\">Em uma edi\u00e7\u00e3o simb\u00f3lica para a hist\u00f3ria da mostra, o elenco foi pensado para&nbsp;<strong>reunir profissionais que ajudaram a construir a trajet\u00f3ria da CASACOR Rio e escrit\u00f3rios estreantes que v\u00eam conquistando reconhecimento nacional<\/strong>, consolidando a miss\u00e3o da mostra de revelar talentos e impulsionar carreiras.<\/p>\n\n\n\n<p class=\"wp-block-paragraph\">&#8220;O elenco desta edi\u00e7\u00e3o traduz exatamente o que a CASACOR Rio construiu ao longo de 35 anos:&nbsp;<strong>uma plataforma capaz de reunir profissionais de diferentes gera\u00e7\u00f5es, estilos e trajet\u00f3rias, promovendo encontros entre quem ajudou a escrever nossa hist\u00f3ria e quem est\u00e1 desenhando os pr\u00f3ximos cap\u00edtulos da arquitetura brasileira<\/strong>. Essa diversidade \u00e9 uma das maiores riquezas da mostra e um dos motivos pelos quais ela se mant\u00e9m relevante h\u00e1 mais de tr\u00eas d\u00e9cadas&#8221;, afirma Patricia Mayer, s\u00f3cia-diretora da CASACOR Rio.<\/p>\n\n\n\n<p class=\"wp-block-paragraph\">&#8220;Celebrar nossos 35 anos no Edif\u00edcio Alian\u00e7a da Bahia \u00e9&nbsp;<strong>olhar para a hist\u00f3ria sem perder de vista o futuro<\/strong>. O elenco desta edi\u00e7\u00e3o representa esse movimento: profissionais consagrados, jovens talentos e novos escrit\u00f3rios ocupando um edif\u00edcio modernista que simboliza a revitaliza\u00e7\u00e3o do centro do Rio. \u00c9 um&nbsp;<strong>encontro entre mem\u00f3ria, inova\u00e7\u00e3o e criatividade<\/strong>, valores que sempre fizeram parte da ess\u00eancia da CASACOR&#8221;, completa Patricia Quentel, s\u00f3cia-diretora da CASACOR Rio.<\/p>\n\n\n\n<figure data-spectra-id=\"spectra-mtnr2l97-kb5f7n\" class=\"wp-block-image\"><img decoding=\"async\" src=\"https:\/\/cdn.assets-casacor.tec.br\/file\/casacor-images-news\/2026\/05\/001a-pb-gz24tmmp.webp\" alt=\"CASACOR Rio de Janeiro anuncia novo endere\u00e7o para edi\u00e7\u00e3o que celebra 35 anos da mostra\"\/><\/figure>\n\n\n\n<p class=\"wp-block-paragraph\"><em>(Divulga\u00e7\u00e3o\/CASACOR)<\/em><\/p>\n\n\n\n<p class=\"wp-block-paragraph\"><strong>Arquitetos que fizeram hist\u00f3ria na mostra<\/strong><\/p>\n\n\n\n<p class=\"wp-block-paragraph\">A edi\u00e7\u00e3o comemorativa re\u00fane profissionais que fazem parte da trajet\u00f3ria da CASACOR Rio de Janeiro e contribu\u00edram para consolidar a identidade da mostra ao longo de seus 35 anos. Entre eles est\u00e3o&nbsp;<a href=\"https:\/\/casacor.com.br\/pt-BR\/profissionais\/erick-figueira-de-mello\" target=\"_blank\" rel=\"noreferrer noopener\">Erick Figueira de Mello<\/a>,&nbsp;<a href=\"https:\/\/casacor.com.br\/pt-BR\/profissionais\/gisele-taranto\" target=\"_blank\" rel=\"noreferrer noopener\">Gisele Taranto Arquitetura<\/a>,&nbsp;<a href=\"https:\/\/casacor.com.br\/pt-BR\/profissionais\/paula-neder\" target=\"_blank\" rel=\"noreferrer noopener\">PN+ | Paula Neder<\/a>, SCC Arquitetos Associados, liderado por&nbsp;<a href=\"https:\/\/casacor.com.br\/pt-BR\/profissionais\/sergio-conde-caldas-e-patricia-andrade\" target=\"_blank\" rel=\"noreferrer noopener\">S\u00e9rgio Conde Caldas<\/a>, e&nbsp;<a href=\"https:\/\/casacor.com.br\/pt-BR\/noticias\/decoracao\/jairo-de-sender-assina-reforma-de-palacete-de-1907\" target=\"_blank\" rel=\"noreferrer noopener\">Jairo de Sender<\/a>, que participou da primeira edi\u00e7\u00e3o da CASACOR Rio, em 1991, e retorna justamente no ano em que a mostra celebra sua 35\u00aa edi\u00e7\u00e3o em parceria com as arquitetas Ana Clara Lopes e Priscilla Corbellini.<\/p>\n\n\n\n<p class=\"wp-block-paragraph\"><strong>Jovens talentos em destaque<\/strong><\/p>\n\n\n\n<p class=\"wp-block-paragraph\">A nova gera\u00e7\u00e3o assume papel de protagonismo nesta edi\u00e7\u00e3o. Reconhecidos por projetos autorais, premia\u00e7\u00f5es e por uma produ\u00e7\u00e3o contempor\u00e2nea que vem ganhando destaque no cen\u00e1rio nacional,&nbsp;<a href=\"https:\/\/casacor.com.br\/pt-BR\/profissionais\/natalia-lemos\" target=\"_blank\" rel=\"noreferrer noopener\">Natalia Lemos Arquitetura<\/a>,&nbsp;<a href=\"https:\/\/casacor.com.br\/pt-BR\/profissionais\/cade-marino\" target=\"_blank\" rel=\"noreferrer noopener\">Cad\u00e9 Marino<\/a>,&nbsp;<a href=\"https:\/\/casacor.com.br\/pt-BR\/profissionais\/tiago-freire\" target=\"_blank\" rel=\"noreferrer noopener\">Tiago Freire + Arquitetos<\/a>,&nbsp;<a href=\"https:\/\/casacor.com.br\/pt-BR\/profissionais\/diego-raposo-arquitetos\" target=\"_blank\" rel=\"noreferrer noopener\">Diego Raposo + Arquitetos<\/a>&nbsp;e&nbsp;<a href=\"https:\/\/casacor.com.br\/pt-BR\/profissionais\/pedro-coimbra\" target=\"_blank\" rel=\"noreferrer noopener\">Pedro Coimbra<\/a>, da Coimbra Arquitetura, representam diferentes formas de pensar a arquitetura contempor\u00e2nea, equilibrando inova\u00e7\u00e3o, t\u00e9cnica e sensibilidade.<\/p>\n\n\n\n<p class=\"wp-block-paragraph\"><strong>Estreias<\/strong><\/p>\n\n\n\n<p class=\"wp-block-paragraph\">A CASACOR Rio tamb\u00e9m abre espa\u00e7o para novos olhares. Entre as estreias est\u00e3o o&nbsp;<strong>Cajoo Studio<\/strong>, comandado por Caio Bruno e Jo\u00e3o Pedro Neri, que leva \u00e0 mostra uma abordagem contempor\u00e2nea voltada ao design e \u00e0 experimenta\u00e7\u00e3o, e a&nbsp;<strong>Capuri Arquitetura<\/strong>, de Lucia Moura Buffara e Sylvia Moura, ampliando a diversidade de linguagens que caracteriza o elenco da edi\u00e7\u00e3o.<\/p>\n\n\n\n<p class=\"wp-block-paragraph\"><strong>Completam o elenco<\/strong><\/p>\n\n\n\n<p class=\"wp-block-paragraph\">Al\u00e9m dos profissionais destacados, participam da edi\u00e7\u00e3o&nbsp;<a href=\"https:\/\/casacor.com.br\/pt-BR\/profissionais\/amanda-miranda\" target=\"_blank\" rel=\"noreferrer noopener\">Amanda Miranda<\/a>;&nbsp;<a href=\"https:\/\/casacor.com.br\/pt-BR\/profissionais\/anna-beatriz-fadul\" target=\"_blank\" rel=\"noreferrer noopener\">Anna Beatriz Fadul<\/a>;&nbsp;<a href=\"https:\/\/casacor.com.br\/pt-BR\/profissionais\/ana-cano-milman\" target=\"_blank\" rel=\"noreferrer noopener\">Ana Cano<\/a>&nbsp;e&nbsp;<a href=\"https:\/\/casacor.com.br\/pt-BR\/profissionais\/angela-leite-barbosa-e-daniel-marques-mendes\" target=\"_blank\" rel=\"noreferrer noopener\">Daniel Marques Mendes<\/a>;&nbsp;<strong>Carla Napoli\u00e3o e Allan Napoli\u00e3o<\/strong>;&nbsp;<a href=\"https:\/\/casacor.com.br\/pt-BR\/profissionais\/studio-claudia-pimenta-e-patricia-franco\" target=\"_blank\" rel=\"noreferrer noopener\">Studio Claudia Pimenta e Patricia Franco<\/a>;&nbsp;<a href=\"https:\/\/casacor.com.br\/pt-BR\/profissionais\/cristina-japiassu\" target=\"_blank\" rel=\"noreferrer noopener\">Cristina Japiass\u00fa<\/a>;&nbsp;<a href=\"https:\/\/casacor.com.br\/pt-BR\/profissionais\/fernanda-medeiros-arquitetura\" target=\"_blank\" rel=\"noreferrer noopener\">Fernanda Medeiros Arquitetura<\/a>;&nbsp;<a href=\"https:\/\/casacor.com.br\/pt-BR\/profissionais\/fernando-lanner-arquitetura\" target=\"_blank\" rel=\"noreferrer noopener\">Fernando Lanner Arquitetura<\/a>;&nbsp;<a href=\"https:\/\/casacor.com.br\/pt-BR\/profissionais\/jacira-pinheiro\" target=\"_blank\" rel=\"noreferrer noopener\">Jacira Pinheiro<\/a>;&nbsp;<a href=\"https:\/\/casacor.com.br\/pt-BR\/profissionais\/juliana-acar-arquitetura\" target=\"_blank\" rel=\"noreferrer noopener\">Juliana Acar<\/a>&nbsp;e&nbsp;<strong>Flavia Dias<\/strong>;&nbsp;<a href=\"https:\/\/casacor.com.br\/pt-BR\/profissionais\/lessa-zanetta-arquitetura-izabela-lessa-e-fernanda-zanetta\" target=\"_blank\" rel=\"noreferrer noopener\">LessaZanetta Arquitetura<\/a>;&nbsp;<strong>Luan Freitas<\/strong>;&nbsp;<a href=\"https:\/\/casacor.com.br\/pt-BR\/profissionais\/pedro-rabelais-paisagismo\" target=\"_blank\" rel=\"noreferrer noopener\">Pedro Rabelais<\/a>;&nbsp;<a href=\"https:\/\/casacor.com.br\/pt-BR\/profissionais\/rafael-ramos-arquitetura\" target=\"_blank\" rel=\"noreferrer noopener\">Rafael Ramos Arquitetura e Interiores<\/a>;&nbsp;<a href=\"https:\/\/casacor.com.br\/pt-BR\/profissionais\/sebastian-gomes-arquitetura\" target=\"_blank\" rel=\"noreferrer noopener\">Sebastian Gomez Arquitetura<\/a>; e&nbsp;<a href=\"https:\/\/casacor.com.br\/pt-BR\/profissionais\/sophia-abraham\" target=\"_blank\" rel=\"noreferrer noopener\">Sophia Abraham Interiores<\/a>; e&nbsp;<strong>Studio Plano<\/strong>, de Rafael Gomes e Sandro Batalha.<\/p>\n\n\n\n<p class=\"wp-block-paragraph\">Fonte: CASACOR RIO 2026<\/p>\n","protected":false},"excerpt":{"rendered":"<p>Mostra re\u00fane grandes nomes da arquitetura, jovens talentos e estreias em edi\u00e7\u00e3o comemorativa no Edif\u00edcio Alian\u00e7a da Bahia Setembro, 2026 &#8211; A\u00a0CASACOR Rio de Janeiro\u00a0j\u00e1 definiu o\u00a0elenco\u00a0que dar\u00e1 vida \u00e0 edi\u00e7\u00e3o comemorativa de seus 35 anos. Entre os dias\u00a015 de setembro e 8 de novembro de 2026, o hist\u00f3rico Edif\u00edcio Alian\u00e7a da Bahia, rec\u00e9m-restaurado e [&hellip;]<\/p>\n","protected":false},"author":1,"featured_media":27183,"comment_status":"open","ping_status":"open","sticky":false,"template":"","format":"standard","meta":{"om_disable_all_campaigns":false,"_monsterinsights_skip_tracking":false,"footnotes":""},"categories":[28],"tags":[18309,28091,2137],"class_list":["post-27182","post","type-post","status-publish","format-standard","has-post-thumbnail","hentry","category-arquitetura","tag-arquitetos-e-designers-de-interiores","tag-casacor-rio-2026","tag-centro-rj"],"blocksy_meta":[],"aioseo_notices":[],"aioseo_head":"\n\t\t<!-- All in One SEO 5.0.0.1 - aioseo.com -->\n\t<meta name=\"description\" content=\"Mostra re\u00fane grandes nomes da arquitetura, jovens talentos e estreias em edi\u00e7\u00e3o comemorativa no Edif\u00edcio Alian\u00e7a da Bahia Setembro, 2026 - A CASACOR Rio de Janeiro j\u00e1 definiu o elenco que dar\u00e1 vida \u00e0 edi\u00e7\u00e3o comemorativa de seus 35 anos. Entre os dias 15 de setembro e 8 de novembro de 2026, o hist\u00f3rico Edif\u00edcio Alian\u00e7a da Bahia, rec\u00e9m-restaurado e\" \/>\n\t<meta name=\"robots\" content=\"max-image-preview:large\" \/>\n\t<meta name=\"author\" content=\"Jornal da Constru\u00e7\u00e3o Civil\"\/>\n\t<link rel=\"canonical\" href=\"https:\/\/jornaldaconstrucaocivil.com.br\/?p=27182\" \/>\n\t<meta name=\"generator\" content=\"All in One SEO (AIOSEO) 5.0.0.1\" \/>\n\t\t<meta property=\"og:locale\" content=\"pt_BR\" \/>\n\t\t<meta property=\"og:site_name\" content=\"Jornal da Constru\u00e7\u00e3o Civil - O Maior Portal da Constru\u00e7\u00e3o Civil\" \/>\n\t\t<meta property=\"og:type\" content=\"article\" \/>\n\t\t<meta property=\"og:title\" content=\"CASACOR Rio de Janeiro anuncia elenco da edi\u00e7\u00e3o em que celebra 35 anos - Jornal da Constru\u00e7\u00e3o Civil\" \/>\n\t\t<meta property=\"og:description\" content=\"Mostra re\u00fane grandes nomes da arquitetura, jovens talentos e estreias em edi\u00e7\u00e3o comemorativa no Edif\u00edcio Alian\u00e7a da Bahia Setembro, 2026 - A CASACOR Rio de Janeiro j\u00e1 definiu o elenco que dar\u00e1 vida \u00e0 edi\u00e7\u00e3o comemorativa de seus 35 anos. Entre os dias 15 de setembro e 8 de novembro de 2026, o hist\u00f3rico Edif\u00edcio Alian\u00e7a da Bahia, rec\u00e9m-restaurado e\" \/>\n\t\t<meta property=\"og:url\" content=\"https:\/\/jornaldaconstrucaocivil.com.br\/?p=27182\" \/>\n\t\t<meta property=\"og:image\" content=\"https:\/\/jornaldaconstrucaocivil.com.br\/wp-content\/uploads\/2026\/01\/cropped-BANNER-OK-2.png\" \/>\n\t\t<meta property=\"og:image:secure_url\" content=\"https:\/\/jornaldaconstrucaocivil.com.br\/wp-content\/uploads\/2026\/01\/cropped-BANNER-OK-2.png\" \/>\n\t\t<meta property=\"og:image:width\" content=\"760\" \/>\n\t\t<meta property=\"og:image:height\" content=\"162\" \/>\n\t\t<meta property=\"article:published_time\" content=\"2026-09-05T02:17:27+00:00\" \/>\n\t\t<meta property=\"article:modified_time\" content=\"2026-09-05T02:17:28+00:00\" \/>\n\t\t<meta name=\"twitter:card\" content=\"summary_large_image\" \/>\n\t\t<meta name=\"twitter:title\" content=\"CASACOR Rio de Janeiro anuncia elenco da edi\u00e7\u00e3o em que celebra 35 anos - Jornal da Constru\u00e7\u00e3o Civil\" \/>\n\t\t<meta name=\"twitter:description\" content=\"Mostra re\u00fane grandes nomes da arquitetura, jovens talentos e estreias em edi\u00e7\u00e3o comemorativa no Edif\u00edcio Alian\u00e7a da Bahia Setembro, 2026 - A CASACOR Rio de Janeiro j\u00e1 definiu o elenco que dar\u00e1 vida \u00e0 edi\u00e7\u00e3o comemorativa de seus 35 anos. Entre os dias 15 de setembro e 8 de novembro de 2026, o hist\u00f3rico Edif\u00edcio Alian\u00e7a da Bahia, rec\u00e9m-restaurado e\" \/>\n\t\t<meta name=\"twitter:image\" content=\"https:\/\/jornaldaconstrucaocivil.com.br\/wp-content\/uploads\/2026\/01\/cropped-BANNER-OK-2.png\" \/>\n\t\t<script type=\"application\/ld+json\" class=\"aioseo-schema\">\n\t\t\t{\"@context\":\"https:\\\/\\\/schema.org\",\"@graph\":[{\"@type\":\"BlogPosting\",\"@id\":\"https:\\\/\\\/jornaldaconstrucaocivil.com.br\\\/?p=27182#blogposting\",\"name\":\"CASACOR Rio de Janeiro anuncia elenco da edi\\u00e7\\u00e3o em que celebra 35 anos - Jornal da Constru\\u00e7\\u00e3o Civil\",\"headline\":\"CASACOR Rio de Janeiro anuncia elenco da edi\\u00e7\\u00e3o em que celebra 35 anos\",\"author\":{\"@id\":\"https:\\\/\\\/jornaldaconstrucaocivil.com.br\\\/?author=1#author\"},\"publisher\":{\"@id\":\"https:\\\/\\\/jornaldaconstrucaocivil.com.br\\\/#organization\"},\"image\":{\"@type\":\"ImageObject\",\"url\":\"https:\\\/\\\/jornaldaconstrucaocivil.com.br\\\/wp-content\\\/uploads\\\/2026\\\/09\\\/edificio-alianca-da-bahia-casacor-rio-de-janeiro-2026-ho4l7ixd-scaled.webp\",\"width\":2560,\"height\":1463,\"caption\":\"Edif\\u00edcio Alian\\u00e7a da Bahia, no centro do Rio de Janeiro, ser\\u00e1 o cen\\u00e1rio da edi\\u00e7\\u00e3o comemorativa de 35 anos da CASACOR Rio em 2026. (Divulga\\u00e7\\u00e3o\\\/CASACOR)\"},\"datePublished\":\"2026-09-04T23:17:27-03:00\",\"dateModified\":\"2026-09-04T23:17:28-03:00\",\"inLanguage\":\"pt-BR\",\"mainEntityOfPage\":{\"@id\":\"https:\\\/\\\/jornaldaconstrucaocivil.com.br\\\/?p=27182#webpage\"},\"isPartOf\":{\"@id\":\"https:\\\/\\\/jornaldaconstrucaocivil.com.br\\\/?p=27182#webpage\"},\"articleSection\":\"Arquitetura, Arquitetos e designers de interiores, CASACOR Rio 2026, Centro-RJ\"},{\"@type\":\"BreadcrumbList\",\"@id\":\"https:\\\/\\\/jornaldaconstrucaocivil.com.br\\\/?p=27182#breadcrumblist\",\"itemListElement\":[{\"@type\":\"ListItem\",\"@id\":\"https:\\\/\\\/jornaldaconstrucaocivil.com.br#listItem\",\"position\":1,\"name\":\"Home\",\"item\":\"https:\\\/\\\/jornaldaconstrucaocivil.com.br\",\"nextItem\":{\"@type\":\"ListItem\",\"@id\":\"https:\\\/\\\/jornaldaconstrucaocivil.com.br\\\/?cat=28#listItem\",\"name\":\"Arquitetura\"}},{\"@type\":\"ListItem\",\"@id\":\"https:\\\/\\\/jornaldaconstrucaocivil.com.br\\\/?cat=28#listItem\",\"position\":2,\"name\":\"Arquitetura\",\"item\":\"https:\\\/\\\/jornaldaconstrucaocivil.com.br\\\/?cat=28\",\"nextItem\":{\"@type\":\"ListItem\",\"@id\":\"https:\\\/\\\/jornaldaconstrucaocivil.com.br\\\/?p=27182#listItem\",\"name\":\"CASACOR Rio de Janeiro anuncia elenco da edi\\u00e7\\u00e3o em que celebra 35 anos\"},\"previousItem\":{\"@type\":\"ListItem\",\"@id\":\"https:\\\/\\\/jornaldaconstrucaocivil.com.br#listItem\",\"name\":\"Home\"}},{\"@type\":\"ListItem\",\"@id\":\"https:\\\/\\\/jornaldaconstrucaocivil.com.br\\\/?p=27182#listItem\",\"position\":3,\"name\":\"CASACOR Rio de Janeiro anuncia elenco da edi\\u00e7\\u00e3o em que celebra 35 anos\",\"previousItem\":{\"@type\":\"ListItem\",\"@id\":\"https:\\\/\\\/jornaldaconstrucaocivil.com.br\\\/?cat=28#listItem\",\"name\":\"Arquitetura\"}}]},{\"@type\":\"Organization\",\"@id\":\"https:\\\/\\\/jornaldaconstrucaocivil.com.br\\\/#organization\",\"name\":\"Jornal da Constru\\u00e7\\u00e3o Civil\",\"description\":\"O Maior Portal da Constru\\u00e7\\u00e3o Civil\",\"url\":\"https:\\\/\\\/jornaldaconstrucaocivil.com.br\\\/\",\"logo\":{\"@type\":\"ImageObject\",\"url\":\"https:\\\/\\\/jornaldaconstrucaocivil.com.br\\\/wp-content\\\/uploads\\\/2026\\\/01\\\/cropped-BANNER-OK-2.png\",\"@id\":\"https:\\\/\\\/jornaldaconstrucaocivil.com.br\\\/?p=27182\\\/#organizationLogo\",\"width\":760,\"height\":162},\"image\":{\"@id\":\"https:\\\/\\\/jornaldaconstrucaocivil.com.br\\\/?p=27182\\\/#organizationLogo\"}},{\"@type\":\"Person\",\"@id\":\"https:\\\/\\\/jornaldaconstrucaocivil.com.br\\\/?author=1#author\",\"url\":\"https:\\\/\\\/jornaldaconstrucaocivil.com.br\\\/?author=1\",\"name\":\"Jornal da Constru\\u00e7\\u00e3o Civil\",\"image\":{\"@type\":\"ImageObject\",\"@id\":\"https:\\\/\\\/jornaldaconstrucaocivil.com.br\\\/?p=27182#authorImage\",\"url\":\"https:\\\/\\\/jornaldaconstrucaocivil.com.br\\\/wp-content\\\/plugins\\\/ultimate-member\\\/assets\\\/img\\\/default_avatar.jpg\",\"width\":96,\"height\":96,\"caption\":\"Jornal da Constru\\u00e7\\u00e3o Civil\"}},{\"@type\":\"WebPage\",\"@id\":\"https:\\\/\\\/jornaldaconstrucaocivil.com.br\\\/?p=27182#webpage\",\"url\":\"https:\\\/\\\/jornaldaconstrucaocivil.com.br\\\/?p=27182\",\"name\":\"CASACOR Rio de Janeiro anuncia elenco da edi\\u00e7\\u00e3o em que celebra 35 anos - Jornal da Constru\\u00e7\\u00e3o Civil\",\"description\":\"Mostra re\\u00fane grandes nomes da arquitetura, jovens talentos e estreias em edi\\u00e7\\u00e3o comemorativa no Edif\\u00edcio Alian\\u00e7a da Bahia Setembro, 2026 - A CASACOR Rio de Janeiro j\\u00e1 definiu o elenco que dar\\u00e1 vida \\u00e0 edi\\u00e7\\u00e3o comemorativa de seus 35 anos. Entre os dias 15 de setembro e 8 de novembro de 2026, o hist\\u00f3rico Edif\\u00edcio Alian\\u00e7a da Bahia, rec\\u00e9m-restaurado e\",\"inLanguage\":\"pt-BR\",\"isPartOf\":{\"@id\":\"https:\\\/\\\/jornaldaconstrucaocivil.com.br\\\/#website\"},\"breadcrumb\":{\"@id\":\"https:\\\/\\\/jornaldaconstrucaocivil.com.br\\\/?p=27182#breadcrumblist\"},\"author\":{\"@id\":\"https:\\\/\\\/jornaldaconstrucaocivil.com.br\\\/?author=1#author\"},\"creator\":{\"@id\":\"https:\\\/\\\/jornaldaconstrucaocivil.com.br\\\/?author=1#author\"},\"image\":{\"@type\":\"ImageObject\",\"url\":\"https:\\\/\\\/jornaldaconstrucaocivil.com.br\\\/wp-content\\\/uploads\\\/2026\\\/09\\\/edificio-alianca-da-bahia-casacor-rio-de-janeiro-2026-ho4l7ixd-scaled.webp\",\"@id\":\"https:\\\/\\\/jornaldaconstrucaocivil.com.br\\\/?p=27182\\\/#mainImage\",\"width\":2560,\"height\":1463,\"caption\":\"Edif\\u00edcio Alian\\u00e7a da Bahia, no centro do Rio de Janeiro, ser\\u00e1 o cen\\u00e1rio da edi\\u00e7\\u00e3o comemorativa de 35 anos da CASACOR Rio em 2026. (Divulga\\u00e7\\u00e3o\\\/CASACOR)\"},\"primaryImageOfPage\":{\"@id\":\"https:\\\/\\\/jornaldaconstrucaocivil.com.br\\\/?p=27182#mainImage\"},\"datePublished\":\"2026-09-04T23:17:27-03:00\",\"dateModified\":\"2026-09-04T23:17:28-03:00\"},{\"@type\":\"WebSite\",\"@id\":\"https:\\\/\\\/jornaldaconstrucaocivil.com.br\\\/#website\",\"url\":\"https:\\\/\\\/jornaldaconstrucaocivil.com.br\\\/\",\"name\":\"Jornal da Constru\\u00e7\\u00e3o Civil\",\"description\":\"O Maior Portal da Constru\\u00e7\\u00e3o Civil\",\"inLanguage\":\"pt-BR\",\"publisher\":{\"@id\":\"https:\\\/\\\/jornaldaconstrucaocivil.com.br\\\/#organization\"}}]}\n\t\t<\/script>\n\t\t<!-- All in One SEO -->\n\n","aioseo_head_json":{"title":"CASACOR Rio de Janeiro anuncia elenco da edi\u00e7\u00e3o em que celebra 35 anos - Jornal da Constru\u00e7\u00e3o Civil","description":"Mostra re\u00fane grandes nomes da arquitetura, jovens talentos e estreias em edi\u00e7\u00e3o comemorativa no Edif\u00edcio Alian\u00e7a da Bahia Setembro, 2026 - A CASACOR Rio de Janeiro j\u00e1 definiu o elenco que dar\u00e1 vida \u00e0 edi\u00e7\u00e3o comemorativa de seus 35 anos. Entre os dias 15 de setembro e 8 de novembro de 2026, o hist\u00f3rico Edif\u00edcio Alian\u00e7a da Bahia, rec\u00e9m-restaurado e","canonical_url":"https:\/\/jornaldaconstrucaocivil.com.br\/?p=27182","robots":"max-image-preview:large","keywords":"","webmasterTools":{"miscellaneous":""},"schema":{"@context":"https:\/\/schema.org","@graph":[{"@type":"BlogPosting","@id":"https:\/\/jornaldaconstrucaocivil.com.br\/?p=27182#blogposting","name":"CASACOR Rio de Janeiro anuncia elenco da edi\u00e7\u00e3o em que celebra 35 anos - Jornal da Constru\u00e7\u00e3o Civil","headline":"CASACOR Rio de Janeiro anuncia elenco da edi\u00e7\u00e3o em que celebra 35 anos","author":{"@id":"https:\/\/jornaldaconstrucaocivil.com.br\/?author=1#author"},"publisher":{"@id":"https:\/\/jornaldaconstrucaocivil.com.br\/#organization"},"image":{"@type":"ImageObject","url":"https:\/\/jornaldaconstrucaocivil.com.br\/wp-content\/uploads\/2026\/09\/edificio-alianca-da-bahia-casacor-rio-de-janeiro-2026-ho4l7ixd-scaled.webp","width":2560,"height":1463,"caption":"Edif\u00edcio Alian\u00e7a da Bahia, no centro do Rio de Janeiro, ser\u00e1 o cen\u00e1rio da edi\u00e7\u00e3o comemorativa de 35 anos da CASACOR Rio em 2026. (Divulga\u00e7\u00e3o\/CASACOR)"},"datePublished":"2026-09-04T23:17:27-03:00","dateModified":"2026-09-04T23:17:28-03:00","inLanguage":"pt-BR","mainEntityOfPage":{"@id":"https:\/\/jornaldaconstrucaocivil.com.br\/?p=27182#webpage"},"isPartOf":{"@id":"https:\/\/jornaldaconstrucaocivil.com.br\/?p=27182#webpage"},"articleSection":"Arquitetura, Arquitetos e designers de interiores, CASACOR Rio 2026, Centro-RJ"},{"@type":"BreadcrumbList","@id":"https:\/\/jornaldaconstrucaocivil.com.br\/?p=27182#breadcrumblist","itemListElement":[{"@type":"ListItem","@id":"https:\/\/jornaldaconstrucaocivil.com.br#listItem","position":1,"name":"Home","item":"https:\/\/jornaldaconstrucaocivil.com.br","nextItem":{"@type":"ListItem","@id":"https:\/\/jornaldaconstrucaocivil.com.br\/?cat=28#listItem","name":"Arquitetura"}},{"@type":"ListItem","@id":"https:\/\/jornaldaconstrucaocivil.com.br\/?cat=28#listItem","position":2,"name":"Arquitetura","item":"https:\/\/jornaldaconstrucaocivil.com.br\/?cat=28","nextItem":{"@type":"ListItem","@id":"https:\/\/jornaldaconstrucaocivil.com.br\/?p=27182#listItem","name":"CASACOR Rio de Janeiro anuncia elenco da edi\u00e7\u00e3o em que celebra 35 anos"},"previousItem":{"@type":"ListItem","@id":"https:\/\/jornaldaconstrucaocivil.com.br#listItem","name":"Home"}},{"@type":"ListItem","@id":"https:\/\/jornaldaconstrucaocivil.com.br\/?p=27182#listItem","position":3,"name":"CASACOR Rio de Janeiro anuncia elenco da edi\u00e7\u00e3o em que celebra 35 anos","previousItem":{"@type":"ListItem","@id":"https:\/\/jornaldaconstrucaocivil.com.br\/?cat=28#listItem","name":"Arquitetura"}}]},{"@type":"Organization","@id":"https:\/\/jornaldaconstrucaocivil.com.br\/#organization","name":"Jornal da Constru\u00e7\u00e3o Civil","description":"O Maior Portal da Constru\u00e7\u00e3o Civil","url":"https:\/\/jornaldaconstrucaocivil.com.br\/","logo":{"@type":"ImageObject","url":"https:\/\/jornaldaconstrucaocivil.com.br\/wp-content\/uploads\/2026\/01\/cropped-BANNER-OK-2.png","@id":"https:\/\/jornaldaconstrucaocivil.com.br\/?p=27182\/#organizationLogo","width":760,"height":162},"image":{"@id":"https:\/\/jornaldaconstrucaocivil.com.br\/?p=27182\/#organizationLogo"}},{"@type":"Person","@id":"https:\/\/jornaldaconstrucaocivil.com.br\/?author=1#author","url":"https:\/\/jornaldaconstrucaocivil.com.br\/?author=1","name":"Jornal da Constru\u00e7\u00e3o Civil","image":{"@type":"ImageObject","@id":"https:\/\/jornaldaconstrucaocivil.com.br\/?p=27182#authorImage","url":"https:\/\/jornaldaconstrucaocivil.com.br\/wp-content\/plugins\/ultimate-member\/assets\/img\/default_avatar.jpg","width":96,"height":96,"caption":"Jornal da Constru\u00e7\u00e3o Civil"}},{"@type":"WebPage","@id":"https:\/\/jornaldaconstrucaocivil.com.br\/?p=27182#webpage","url":"https:\/\/jornaldaconstrucaocivil.com.br\/?p=27182","name":"CASACOR Rio de Janeiro anuncia elenco da edi\u00e7\u00e3o em que celebra 35 anos - Jornal da Constru\u00e7\u00e3o Civil","description":"Mostra re\u00fane grandes nomes da arquitetura, jovens talentos e estreias em edi\u00e7\u00e3o comemorativa no Edif\u00edcio Alian\u00e7a da Bahia Setembro, 2026 - A CASACOR Rio de Janeiro j\u00e1 definiu o elenco que dar\u00e1 vida \u00e0 edi\u00e7\u00e3o comemorativa de seus 35 anos. Entre os dias 15 de setembro e 8 de novembro de 2026, o hist\u00f3rico Edif\u00edcio Alian\u00e7a da Bahia, rec\u00e9m-restaurado e","inLanguage":"pt-BR","isPartOf":{"@id":"https:\/\/jornaldaconstrucaocivil.com.br\/#website"},"breadcrumb":{"@id":"https:\/\/jornaldaconstrucaocivil.com.br\/?p=27182#breadcrumblist"},"author":{"@id":"https:\/\/jornaldaconstrucaocivil.com.br\/?author=1#author"},"creator":{"@id":"https:\/\/jornaldaconstrucaocivil.com.br\/?author=1#author"},"image":{"@type":"ImageObject","url":"https:\/\/jornaldaconstrucaocivil.com.br\/wp-content\/uploads\/2026\/09\/edificio-alianca-da-bahia-casacor-rio-de-janeiro-2026-ho4l7ixd-scaled.webp","@id":"https:\/\/jornaldaconstrucaocivil.com.br\/?p=27182\/#mainImage","width":2560,"height":1463,"caption":"Edif\u00edcio Alian\u00e7a da Bahia, no centro do Rio de Janeiro, ser\u00e1 o cen\u00e1rio da edi\u00e7\u00e3o comemorativa de 35 anos da CASACOR Rio em 2026. (Divulga\u00e7\u00e3o\/CASACOR)"},"primaryImageOfPage":{"@id":"https:\/\/jornaldaconstrucaocivil.com.br\/?p=27182#mainImage"},"datePublished":"2026-09-04T23:17:27-03:00","dateModified":"2026-09-04T23:17:28-03:00"},{"@type":"WebSite","@id":"https:\/\/jornaldaconstrucaocivil.com.br\/#website","url":"https:\/\/jornaldaconstrucaocivil.com.br\/","name":"Jornal da Constru\u00e7\u00e3o Civil","description":"O Maior Portal da Constru\u00e7\u00e3o Civil","inLanguage":"pt-BR","publisher":{"@id":"https:\/\/jornaldaconstrucaocivil.com.br\/#organization"}}]},"og:locale":"pt_BR","og:site_name":"Jornal da Constru\u00e7\u00e3o Civil - O Maior Portal da Constru\u00e7\u00e3o Civil","og:type":"article","og:title":"CASACOR Rio de Janeiro anuncia elenco da edi\u00e7\u00e3o em que celebra 35 anos - Jornal da Constru\u00e7\u00e3o Civil","og:description":"Mostra re\u00fane grandes nomes da arquitetura, jovens talentos e estreias em edi\u00e7\u00e3o comemorativa no Edif\u00edcio Alian\u00e7a da Bahia Setembro, 2026 - A CASACOR Rio de Janeiro j\u00e1 definiu o elenco que dar\u00e1 vida \u00e0 edi\u00e7\u00e3o comemorativa de seus 35 anos. Entre os dias 15 de setembro e 8 de novembro de 2026, o hist\u00f3rico Edif\u00edcio Alian\u00e7a da Bahia, rec\u00e9m-restaurado e","og:url":"https:\/\/jornaldaconstrucaocivil.com.br\/?p=27182","og:image":"https:\/\/jornaldaconstrucaocivil.com.br\/wp-content\/uploads\/2026\/01\/cropped-BANNER-OK-2.png","og:image:secure_url":"https:\/\/jornaldaconstrucaocivil.com.br\/wp-content\/uploads\/2026\/01\/cropped-BANNER-OK-2.png","og:image:width":760,"og:image:height":162,"article:published_time":"2026-09-05T02:17:27+00:00","article:modified_time":"2026-09-05T02:17:28+00:00","twitter:card":"summary_large_image","twitter:title":"CASACOR Rio de Janeiro anuncia elenco da edi\u00e7\u00e3o em que celebra 35 anos - Jornal da Constru\u00e7\u00e3o Civil","twitter:description":"Mostra re\u00fane grandes nomes da arquitetura, jovens talentos e estreias em edi\u00e7\u00e3o comemorativa no Edif\u00edcio Alian\u00e7a da Bahia Setembro, 2026 - A CASACOR Rio de Janeiro j\u00e1 definiu o elenco que dar\u00e1 vida \u00e0 edi\u00e7\u00e3o comemorativa de seus 35 anos. Entre os dias 15 de setembro e 8 de novembro de 2026, o hist\u00f3rico Edif\u00edcio Alian\u00e7a da Bahia, rec\u00e9m-restaurado e","twitter:image":"https:\/\/jornaldaconstrucaocivil.com.br\/wp-content\/uploads\/2026\/01\/cropped-BANNER-OK-2.png"},"aioseo_meta_data":{"post_id":"27182","title":null,"description":null,"keywords":null,"keyphrases":{"focus":{"keyphrase":"","score":0,"analysis":{"keyphraseInTitle":{"score":0,"maxScore":9,"error":1}}},"additional":[]},"primary_term":null,"canonical_url":null,"og_title":null,"og_description":null,"og_object_type":"default","og_image_type":"default","og_image_custom_url":null,"og_image_custom_fields":null,"og_image_url":null,"og_image_width":null,"og_image_height":null,"og_video":"","og_custom_url":null,"og_article_section":null,"og_article_tags":null,"twitter_use_og":false,"twitter_card":"default","twitter_image_type":"default","twitter_image_custom_url":null,"twitter_image_custom_fields":null,"twitter_image_url":null,"twitter_title":null,"twitter_description":null,"schema_type":"default","schema_type_options":null,"schema":{"blockGraphs":[],"customGraphs":[],"default":{"data":{"Article":[],"Course":[],"Dataset":[],"FAQPage":[],"Movie":[],"Person":[],"Product":[],"ProductReview":[],"Car":[],"Recipe":[],"Service":[],"SoftwareApplication":[],"WebPage":[]},"graphName":"BlogPosting","isEnabled":true},"graphs":[]},"pillar_content":false,"robots_default":true,"robots_noindex":false,"robots_noarchive":false,"robots_nosnippet":false,"robots_nofollow":false,"robots_noimageindex":false,"robots_noodp":false,"robots_notranslate":false,"robots_max_snippet":"-1","robots_max_videopreview":"-1","robots_max_imagepreview":"large","priority":null,"frequency":"default","local_seo":null,"limit_modified_date":false,"ai":{"faqs":[],"keyPoints":[],"schemas":[],"titles":[],"descriptions":[],"socialPosts":{"email":{"subject":"","preview":"","content":""},"linkedin":[],"twitter":[],"facebook":[],"instagram":[]}},"breadcrumb_settings":null,"seo_analyzer_scan_date":null,"created":"2026-09-05 02:17:28","updated":"2026-09-05 03:10:57","focus_keyword":null,"additional_keywords":null,"truseo_locale":null},"aioseo_breadcrumb":"<div class=\"aioseo-breadcrumbs\"><span class=\"aioseo-breadcrumb\">\n\t\t\t<a href=\"https:\/\/jornaldaconstrucaocivil.com.br\" title=\"Home\">Home<\/a>\n\t\t<\/span><span class=\"aioseo-breadcrumb-separator\">&raquo;<\/span><span class=\"aioseo-breadcrumb\">\n\t\t\t<a href=\"https:\/\/jornaldaconstrucaocivil.com.br\/?cat=28\" title=\"Arquitetura\">Arquitetura<\/a>\n\t\t<\/span><span class=\"aioseo-breadcrumb-separator\">&raquo;<\/span><span class=\"aioseo-breadcrumb\">\n\t\t\tCASACOR Rio de Janeiro anuncia elenco da edi\u00e7\u00e3o em que celebra 35 anos\n\t\t<\/span><\/div>","aioseo_breadcrumb_json":[{"label":"Home","link":"https:\/\/jornaldaconstrucaocivil.com.br"},{"label":"Arquitetura","link":"https:\/\/jornaldaconstrucaocivil.com.br\/?cat=28"},{"label":"CASACOR Rio de Janeiro anuncia elenco da edi\u00e7\u00e3o em que celebra 35 anos","link":"https:\/\/jornaldaconstrucaocivil.com.br\/?p=27182"}],"spectra_blocks_featured_image_url":{"thumbnail":{"url":"https:\/\/jornaldaconstrucaocivil.com.br\/wp-content\/uploads\/2026\/09\/edificio-alianca-da-bahia-casacor-rio-de-janeiro-2026-ho4l7ixd-150x150.webp","width":150,"height":150},"medium":{"url":"https:\/\/jornaldaconstrucaocivil.com.br\/wp-content\/uploads\/2026\/09\/edificio-alianca-da-bahia-casacor-rio-de-janeiro-2026-ho4l7ixd-300x171.webp","width":300,"height":171},"medium_large":{"url":"https:\/\/jornaldaconstrucaocivil.com.br\/wp-content\/uploads\/2026\/09\/edificio-alianca-da-bahia-casacor-rio-de-janeiro-2026-ho4l7ixd-768x439.webp","width":768,"height":439},"large":{"url":"https:\/\/jornaldaconstrucaocivil.com.br\/wp-content\/uploads\/2026\/09\/edificio-alianca-da-bahia-casacor-rio-de-janeiro-2026-ho4l7ixd-1024x585.webp","width":1024,"height":585},"full":{"url":"https:\/\/jornaldaconstrucaocivil.com.br\/wp-content\/uploads\/2026\/09\/edificio-alianca-da-bahia-casacor-rio-de-janeiro-2026-ho4l7ixd-scaled.webp","width":2560,"height":1463}},"spectra_blocks_author_info":{"display_name":"Jornal da Constru\u00e7\u00e3o Civil","avatar_url":"https:\/\/jornaldaconstrucaocivil.com.br\/wp-content\/plugins\/ultimate-member\/assets\/img\/default_avatar.jpg","author_link":"https:\/\/jornaldaconstrucaocivil.com.br\/?author=1","description":"Desde de 2013, levando muitas informa\u00e7\u00f5es, lan\u00e7amentos e produtos de qualidade para toda cadeia produtiva da constru\u00e7\u00e3o. O Futuro da constru\u00e7\u00e3o passa por aqui,"},"_links":{"self":[{"href":"https:\/\/jornaldaconstrucaocivil.com.br\/index.php?rest_route=\/wp\/v2\/posts\/27182","targetHints":{"allow":["GET"]}}],"collection":[{"href":"https:\/\/jornaldaconstrucaocivil.com.br\/index.php?rest_route=\/wp\/v2\/posts"}],"about":[{"href":"https:\/\/jornaldaconstrucaocivil.com.br\/index.php?rest_route=\/wp\/v2\/types\/post"}],"author":[{"embeddable":true,"href":"https:\/\/jornaldaconstrucaocivil.com.br\/index.php?rest_route=\/wp\/v2\/users\/1"}],"replies":[{"embeddable":true,"href":"https:\/\/jornaldaconstrucaocivil.com.br\/index.php?rest_route=%2Fwp%2Fv2%2Fcomments&post=27182"}],"version-history":[{"count":1,"href":"https:\/\/jornaldaconstrucaocivil.com.br\/index.php?rest_route=\/wp\/v2\/posts\/27182\/revisions"}],"predecessor-version":[{"id":27187,"href":"https:\/\/jornaldaconstrucaocivil.com.br\/index.php?rest_route=\/wp\/v2\/posts\/27182\/revisions\/27187"}],"wp:featuredmedia":[{"embeddable":true,"href":"https:\/\/jornaldaconstrucaocivil.com.br\/index.php?rest_route=\/wp\/v2\/media\/27183"}],"wp:attachment":[{"href":"https:\/\/jornaldaconstrucaocivil.com.br\/index.php?rest_route=%2Fwp%2Fv2%2Fmedia&parent=27182"}],"wp:term":[{"taxonomy":"category","embeddable":true,"href":"https:\/\/jornaldaconstrucaocivil.com.br\/index.php?rest_route=%2Fwp%2Fv2%2Fcategories&post=27182"},{"taxonomy":"post_tag","embeddable":true,"href":"https:\/\/jornaldaconstrucaocivil.com.br\/index.php?rest_route=%2Fwp%2Fv2%2Ftags&post=27182"}],"curies":[{"name":"wp","href":"https:\/\/api.w.org\/{rel}","templated":true}]}}